{"id":3563,"date":"2022-12-13T22:53:03","date_gmt":"2022-12-14T01:53:03","guid":{"rendered":"https:\/\/ena.cl\/derechos-de-las-asociaciones-de-funcionarios-e-instancias-de-participacion-copy\/"},"modified":"2022-12-13T22:57:47","modified_gmt":"2022-12-14T01:57:47","slug":"normas-internacionales-de-informacion-financiera-para-el-sector-publico","status":"publish","type":"post","link":"https:\/\/ena.cl\/?p=3563","title":{"rendered":"Normas Internacionales de Informaci\u00f3n Financiera para el Sector P\u00fablico"},"content":{"rendered":"<p><img loading=\"lazy\" decoding=\"async\" class=\"alignleft size-full wp-image-3564\" src=\"https:\/\/ena.cl\/wp-content\/uploads\/2022\/12\/Dipreca-redaccio\u0301n-2.png\" alt=\"\" width=\"350\" height=\"263\" srcset=\"https:\/\/ena.cl\/wp-content\/uploads\/2022\/12\/Dipreca-redaccio\u0301n-2.png 350w, https:\/\/ena.cl\/wp-content\/uploads\/2022\/12\/Dipreca-redaccio\u0301n-2-300x225.png 300w\" sizes=\"auto, (max-width: 350px) 100vw, 350px\" \/>Desde el 7 al 25 de noviembre\u00a0 se\u00a0 llev\u00f3\u00a0 a cabo en nuestra Aula Virtual el curso online de <strong><span dir=\"ltr\" role=\"presentation\">\u201cNormas Internacionales de Informaci\u00f3n Financiera para el Sector P\u00fablico\u201d<\/span><\/strong> <span dir=\"ltr\" role=\"presentation\">para el\u00a0<\/span><strong><span dir=\"ltr\" role=\"presentation\">Subsecretar\u00eda del Ministerio de Vivienda y Urbanismo <\/span><\/strong><span dir=\"ltr\" role=\"presentation\"><strong>.<\/strong><\/span><\/p>\n<p><span data-sheets-formula-bar-text-style=\"font-size:11px;color:#000000;font-weight:normal;text-decoration:none;font-family:'Arial';font-style:normal;text-decoration-skip-ink:none;\"><span dir=\"ltr\" role=\"presentation\">El objetivo de este curso es conocer y comprender la base conceptual caracter\u00edstica y elementos que contienen las Normas Internacionales de Contabilidad del Sector P\u00fablico, normativa que involucra a la Contabilidad General de la Naci\u00f3n y al Presupuesto P\u00fablico, de manera de desarrollar habilidades para el an\u00e1lisis y registro de los hechos econ\u00f3micos, la aplicaci\u00f3n de los conocimientos adquiridos y una mejora en la calidad de su gesti\u00f3n, de la cual se derivan efectos contables, presupuestarios y financieros.<\/span><\/span><\/p>\n<p>Si necesitas m\u00e1s informaci\u00f3n, <a href=\"https:\/\/ena.cl\/programa\/\">revisa nuestra oferta acad\u00e9mica<\/a><\/p>\n<div id=\"simple-translate\" class=\"simple-translate-system-theme\">\n<div>\n<div class=\"simple-translate-button isShow\" style=\"background-image: url('moz-extension:\/\/a393a9f5-6c22-4fd7-b11b-bc41e8475fd9\/icons\/512.png'); height: 22px; width: 22px; top: 40px; left: 384px;\"><\/div>\n<div class=\"simple-translate-panel \" style=\"width: 300px; height: 200px; top: 0px; left: 0px; font-size: 13px;\">\n<div class=\"simple-translate-result-wrapper\" style=\"overflow: hidden;\">\n<div class=\"simple-translate-move\" draggable=\"true\"><\/div>\n<div class=\"simple-translate-result-contents\">\n<p class=\"simple-translate-candidate\" dir=\"auto\">\n<\/div>\n<\/div>\n<\/div>\n<\/div>\n<\/div>\n","protected":false},"excerpt":{"rendered":"<p>Desde el 7 al 25 de noviembre\u00a0 se\u00a0 llev\u00f3\u00a0 a cabo en nuestra Aula Virtual el curso online de \u201cNormas Internacionales de Informaci\u00f3n Financiera para el Sector P\u00fablico\u201d para el\u00a0Subsecretar\u00eda del Ministerio de Vivienda y Urbanismo<\/p>\n","protected":false},"author":1,"featured_media":3564,"comment_status":"closed","ping_status":"closed","sticky":false,"template":"","format":"standard","meta":{"footnotes":""},"categories":[2,15],"tags":[],"class_list":["post-3563","post","type-post","status-publish","format-standard","has-post-thumbnail","hentry","category-noticias","category-ultimos-cursos","category-2","category-15","description-off"],"_links":{"self":[{"href":"https:\/\/ena.cl\/index.php?rest_route=\/wp\/v2\/posts\/3563","targetHints":{"allow":["GET"]}}],"collection":[{"href":"https:\/\/ena.cl\/index.php?rest_route=\/wp\/v2\/posts"}],"about":[{"href":"https:\/\/ena.cl\/index.php?rest_route=\/wp\/v2\/types\/post"}],"author":[{"embeddable":true,"href":"https:\/\/ena.cl\/index.php?rest_route=\/wp\/v2\/users\/1"}],"replies":[{"embeddable":true,"href":"https:\/\/ena.cl\/index.php?rest_route=%2Fwp%2Fv2%2Fcomments&post=3563"}],"version-history":[{"count":3,"href":"https:\/\/ena.cl\/index.php?rest_route=\/wp\/v2\/posts\/3563\/revisions"}],"predecessor-version":[{"id":3568,"href":"https:\/\/ena.cl\/index.php?rest_route=\/wp\/v2\/posts\/3563\/revisions\/3568"}],"wp:featuredmedia":[{"embeddable":true,"href":"https:\/\/ena.cl\/index.php?rest_route=\/wp\/v2\/media\/3564"}],"wp:attachment":[{"href":"https:\/\/ena.cl\/index.php?rest_route=%2Fwp%2Fv2%2Fmedia&parent=3563"}],"wp:term":[{"taxonomy":"category","embeddable":true,"href":"https:\/\/ena.cl\/index.php?rest_route=%2Fwp%2Fv2%2Fcategories&post=3563"},{"taxonomy":"post_tag","embeddable":true,"href":"https:\/\/ena.cl\/index.php?rest_route=%2Fwp%2Fv2%2Ftags&post=3563"}],"curies":[{"name":"wp","href":"https:\/\/api.w.org\/{rel}","templated":true}]}}