{"id":3552,"date":"2022-12-01T17:53:59","date_gmt":"2022-12-01T20:53:59","guid":{"rendered":"https:\/\/ena.cl\/desarrollo-de-habilidades-de-liderazgo-en-situaciones-de-conflicto-copy\/"},"modified":"2022-12-01T17:56:51","modified_gmt":"2022-12-01T20:56:51","slug":"redaccion-de-informes-tecnicos","status":"publish","type":"post","link":"https:\/\/ena.cl\/?p=3552","title":{"rendered":"Redacci\u00f3n de Informes T\u00e9cnicos para la Direcci\u00f3n de Previsi\u00f3n de Carabineros de Chile."},"content":{"rendered":"<p><img loading=\"lazy\" decoding=\"async\" class=\"alignleft size-full wp-image-3554\" src=\"https:\/\/ena.cl\/wp-content\/uploads\/2022\/12\/cursos-web4.png\" alt=\"\" width=\"350\" height=\"263\" srcset=\"https:\/\/ena.cl\/wp-content\/uploads\/2022\/12\/cursos-web4.png 350w, https:\/\/ena.cl\/wp-content\/uploads\/2022\/12\/cursos-web4-300x225.png 300w\" sizes=\"auto, (max-width: 350px) 100vw, 350px\" \/>Desde el 24\u00a0 de octubre\u00a0 al 8 de noviembre\u00a0 se\u00a0 llev\u00f3\u00a0 a cabo en nuestra Aula Virtual el curso online de\u00a0<strong><span dir=\"ltr\" role=\"presentation\">Redacci\u00f3n de Informes T\u00e9cnicos <\/span><\/strong><span dir=\"ltr\" role=\"presentation\">para el <\/span><strong><span dir=\"ltr\" role=\"presentation\">Di<\/span><span dir=\"ltr\" role=\"presentation\">recci<\/span><span dir=\"ltr\" role=\"presentation\">\u00f3n de <\/span><span dir=\"ltr\" role=\"presentation\">Previsi<\/span><span dir=\"ltr\" role=\"presentation\">\u00f3n de<\/span> <span dir=\"ltr\" role=\"presentation\">C<\/span><span dir=\"ltr\" role=\"presentation\">arabineros de Chile.<\/span><\/strong><\/p>\n<p><span data-sheets-formula-bar-text-style=\"font-size:11px;color:#000000;font-weight:normal;text-decoration:none;font-family:'Arial';font-style:normal;text-decoration-skip-ink:none;\"><span dir=\"ltr\" role=\"presentation\">El objetivo del curso es que sus participantes fortalezcan sus competencias comunicacionales escritas, particularmente en la elaboraci\u00f3n de actas, informes y documentos t\u00e9cnicos. De esta forma se espera que al finalizar el taller puedan identificar y aplicar los criterios necesarios para redactar textos claros, precisos y concisos, necesarios en su gesti\u00f3n dentro de la instituci\u00f3n.<\/span><\/span><\/p>\n<p>Si necesitas m\u00e1s informaci\u00f3n, <a href=\"https:\/\/ena.cl\/programa\/\">revisa nuestra oferta acad\u00e9mica<\/a><\/p>\n<div id=\"simple-translate\" class=\"simple-translate-system-theme\">\n<div>\n<div class=\"simple-translate-button isShow\" style=\"background-image: url('moz-extension:\/\/a393a9f5-6c22-4fd7-b11b-bc41e8475fd9\/icons\/512.png'); height: 22px; width: 22px; top: 99px; left: 443px;\"><\/div>\n<div class=\"simple-translate-panel \" style=\"width: 300px; height: 200px; top: 0px; left: 0px; font-size: 13px;\">\n<div class=\"simple-translate-result-wrapper\" style=\"overflow: hidden;\">\n<div class=\"simple-translate-move\" draggable=\"true\"><\/div>\n<div class=\"simple-translate-result-contents\">\n<p class=\"simple-translate-result\" dir=\"auto\">\n<p class=\"simple-translate-candidate\" dir=\"auto\">\n<\/div>\n<\/div>\n<\/div>\n<\/div>\n<\/div>\n","protected":false},"excerpt":{"rendered":"<p>Desde el 24\u00a0 de octubre\u00a0 al 8 de noviembre\u00a0 se\u00a0 llev\u00f3\u00a0 a cabo en nuestra Aula Virtual el curso online de\u00a0Redacci\u00f3n de Informes T\u00e9cnicos para el Direcci\u00f3n de Previsi\u00f3n de Carabineros de Chile.<\/p>\n","protected":false},"author":1,"featured_media":3554,"comment_status":"closed","ping_status":"closed","sticky":false,"template":"","format":"standard","meta":{"footnotes":""},"categories":[2,15],"tags":[],"class_list":["post-3552","post","type-post","status-publish","format-standard","has-post-thumbnail","hentry","category-noticias","category-ultimos-cursos","category-2","category-15","description-off"],"_links":{"self":[{"href":"https:\/\/ena.cl\/index.php?rest_route=\/wp\/v2\/posts\/3552","targetHints":{"allow":["GET"]}}],"collection":[{"href":"https:\/\/ena.cl\/index.php?rest_route=\/wp\/v2\/posts"}],"about":[{"href":"https:\/\/ena.cl\/index.php?rest_route=\/wp\/v2\/types\/post"}],"author":[{"embeddable":true,"href":"https:\/\/ena.cl\/index.php?rest_route=\/wp\/v2\/users\/1"}],"replies":[{"embeddable":true,"href":"https:\/\/ena.cl\/index.php?rest_route=%2Fwp%2Fv2%2Fcomments&post=3552"}],"version-history":[{"count":3,"href":"https:\/\/ena.cl\/index.php?rest_route=\/wp\/v2\/posts\/3552\/revisions"}],"predecessor-version":[{"id":3556,"href":"https:\/\/ena.cl\/index.php?rest_route=\/wp\/v2\/posts\/3552\/revisions\/3556"}],"wp:featuredmedia":[{"embeddable":true,"href":"https:\/\/ena.cl\/index.php?rest_route=\/wp\/v2\/media\/3554"}],"wp:attachment":[{"href":"https:\/\/ena.cl\/index.php?rest_route=%2Fwp%2Fv2%2Fmedia&parent=3552"}],"wp:term":[{"taxonomy":"category","embeddable":true,"href":"https:\/\/ena.cl\/index.php?rest_route=%2Fwp%2Fv2%2Fcategories&post=3552"},{"taxonomy":"post_tag","embeddable":true,"href":"https:\/\/ena.cl\/index.php?rest_route=%2Fwp%2Fv2%2Ftags&post=3552"}],"curies":[{"name":"wp","href":"https:\/\/api.w.org\/{rel}","templated":true}]}}