{"id":3548,"date":"2022-12-01T17:48:36","date_gmt":"2022-12-01T20:48:36","guid":{"rendered":"https:\/\/ena.cl\/trabajo-en-equipo-copy\/"},"modified":"2022-12-01T17:50:58","modified_gmt":"2022-12-01T20:50:58","slug":"desarrollo-de-habilidades-de-liderazgo-en-situaciones-de-conflicto","status":"publish","type":"post","link":"https:\/\/ena.cl\/?p=3548","title":{"rendered":"Desarrollo de Habilidades de Liderazgo en situaciones de conflicto"},"content":{"rendered":"<p><img loading=\"lazy\" decoding=\"async\" class=\"alignleft size-full wp-image-3550\" src=\"https:\/\/ena.cl\/wp-content\/uploads\/2022\/12\/cursos-web3.png\" alt=\"\" width=\"350\" height=\"263\" srcset=\"https:\/\/ena.cl\/wp-content\/uploads\/2022\/12\/cursos-web3.png 350w, https:\/\/ena.cl\/wp-content\/uploads\/2022\/12\/cursos-web3-300x225.png 300w\" sizes=\"auto, (max-width: 350px) 100vw, 350px\" \/>Desde el 24\u00a0 de octubre\u00a0 al 8 de noviembre\u00a0 se\u00a0 llev\u00f3\u00a0 a cabo en nuestra Aula Virtual el curso online de <strong><span dir=\"ltr\" role=\"presentation\">Desarrollo de<\/span> <span dir=\"ltr\" role=\"presentation\">Habilidades de<\/span> <span dir=\"ltr\" role=\"presentation\">Liderazgo en situaciones de conflicto <\/span><\/strong><span dir=\"ltr\" role=\"presentation\">para el <\/span><strong><span dir=\"ltr\" role=\"presentation\">Instituto Nacionaldel C\u00e1ncer.<\/span><br \/>\n<\/strong><\/p>\n<p><span data-sheets-formula-bar-text-style=\"font-size:11px;color:#000000;font-weight:normal;text-decoration:none;font-family:'Arial';font-style:normal;text-decoration-skip-ink:none;\"><span dir=\"ltr\" role=\"presentation\">El objetivo\u00a0 de este curso es proporcionar a las y los participantes conocimientos te\u00f3ricos y pr\u00e1cticos necesarios para el desarrollo de habilidades de liderazgo efectivo tales como: autoliderazgo, comunicaci\u00f3n efectiva, as\u00ed como establecer relaciones de equipos de trabajo, manejar situaciones de conflicto, orientando a dar soluciones y fomentar la promoci\u00f3n y el desarrollo de las personas a cargo.<\/span><\/span><\/p>\n<p>Si necesitas m\u00e1s informaci\u00f3n, <a href=\"https:\/\/ena.cl\/programa\/\">revisa nuestra oferta acad\u00e9mica<\/a><\/p>\n","protected":false},"excerpt":{"rendered":"<p>Desde el 24\u00a0 de octubre\u00a0 al 8 de noviembre\u00a0 se\u00a0 llev\u00f3\u00a0 a cabo en nuestra Aula Virtual el curso online de Desarrollo de Habilidades de Liderazgo en situaciones de conflicto para el Instituto Nacionaldel C\u00e1ncer.<\/p>\n","protected":false},"author":1,"featured_media":3550,"comment_status":"closed","ping_status":"closed","sticky":false,"template":"","format":"standard","meta":{"footnotes":""},"categories":[2,15],"tags":[],"class_list":["post-3548","post","type-post","status-publish","format-standard","has-post-thumbnail","hentry","category-noticias","category-ultimos-cursos","category-2","category-15","description-off"],"_links":{"self":[{"href":"https:\/\/ena.cl\/index.php?rest_route=\/wp\/v2\/posts\/3548","targetHints":{"allow":["GET"]}}],"collection":[{"href":"https:\/\/ena.cl\/index.php?rest_route=\/wp\/v2\/posts"}],"about":[{"href":"https:\/\/ena.cl\/index.php?rest_route=\/wp\/v2\/types\/post"}],"author":[{"embeddable":true,"href":"https:\/\/ena.cl\/index.php?rest_route=\/wp\/v2\/users\/1"}],"replies":[{"embeddable":true,"href":"https:\/\/ena.cl\/index.php?rest_route=%2Fwp%2Fv2%2Fcomments&post=3548"}],"version-history":[{"count":2,"href":"https:\/\/ena.cl\/index.php?rest_route=\/wp\/v2\/posts\/3548\/revisions"}],"predecessor-version":[{"id":3551,"href":"https:\/\/ena.cl\/index.php?rest_route=\/wp\/v2\/posts\/3548\/revisions\/3551"}],"wp:featuredmedia":[{"embeddable":true,"href":"https:\/\/ena.cl\/index.php?rest_route=\/wp\/v2\/media\/3550"}],"wp:attachment":[{"href":"https:\/\/ena.cl\/index.php?rest_route=%2Fwp%2Fv2%2Fmedia&parent=3548"}],"wp:term":[{"taxonomy":"category","embeddable":true,"href":"https:\/\/ena.cl\/index.php?rest_route=%2Fwp%2Fv2%2Fcategories&post=3548"},{"taxonomy":"post_tag","embeddable":true,"href":"https:\/\/ena.cl\/index.php?rest_route=%2Fwp%2Fv2%2Ftags&post=3548"}],"curies":[{"name":"wp","href":"https:\/\/api.w.org\/{rel}","templated":true}]}}