{"id":3542,"date":"2022-11-21T12:45:20","date_gmt":"2022-11-21T15:45:20","guid":{"rendered":"https:\/\/ena.cl\/gestion-de-riesgos-en-servicios-publicos-lavado-de-activos-financiamiento-del-terrorismo-y-delito-funcionario-copy\/"},"modified":"2022-11-21T12:49:37","modified_gmt":"2022-11-21T15:49:37","slug":"trabajo-en-equipo","status":"publish","type":"post","link":"https:\/\/ena.cl\/?p=3542","title":{"rendered":"Trabajo en equipo\u00a0 para el Fondo de Solidaridad e Inversi\u00f3n Social &#8211; FOSIS."},"content":{"rendered":"<p><img loading=\"lazy\" decoding=\"async\" class=\"alignleft size-full wp-image-3544\" src=\"https:\/\/ena.cl\/wp-content\/uploads\/2022\/11\/trabajo-en-equipo.png\" alt=\"\" width=\"350\" height=\"263\" srcset=\"https:\/\/ena.cl\/wp-content\/uploads\/2022\/11\/trabajo-en-equipo.png 350w, https:\/\/ena.cl\/wp-content\/uploads\/2022\/11\/trabajo-en-equipo-300x225.png 300w\" sizes=\"auto, (max-width: 350px) 100vw, 350px\" \/>Desde el 17\u00a0 de octubre\u00a0 al 2 de noviembre\u00a0 se\u00a0 llev\u00f3\u00a0 a cabo en nuestra Aula Virtual el curso online de<strong> Trabajo en equipo\u00a0 para el <span dir=\"ltr\" role=\"presentation\">Fondo<\/span> <span dir=\"ltr\" role=\"presentation\">de Solidaridad e Inversi<\/span><span dir=\"ltr\" role=\"presentation\">\u00f3n <\/span><span dir=\"ltr\" role=\"presentation\">Social<\/span> <span dir=\"ltr\" role=\"presentation\">&#8211;<\/span> <span dir=\"ltr\" role=\"presentation\">FOSIS<\/span>.<br \/>\n<\/strong><\/p>\n<p><span data-sheets-formula-bar-text-style=\"font-size:11px;color:#000000;font-weight:normal;text-decoration:none;font-family:'Arial';font-style:normal;text-decoration-skip-ink:none;\"><span dir=\"ltr\" role=\"presentation\">El objetivo de este curso es\u00a0 entregar herramientas a las y los participantes, que contribuyan a mejorar las habilidades de comunicaci\u00f3n y trabajo en equipo, fortaleciendo la cohesi\u00f3n grupal y el trabajo colaborativo en los miembros de la instituci\u00f3n.<br \/>\n<\/span><\/span><\/p>\n<p>Si necesitas m\u00e1s informaci\u00f3n, <a href=\"https:\/\/ena.cl\/programa\/\">revisa nuestra oferta acad\u00e9mica<\/a><\/p>\n","protected":false},"excerpt":{"rendered":"<p>Desde el 17\u00a0 de octubre\u00a0 al 2 de noviembre\u00a0 se\u00a0 llev\u00f3\u00a0 a cabo en nuestra Aula Virtual el curso online de Trabajo en equipo\u00a0 para el Fondo de Solidaridad e Inversi\u00f3n Social &#8211; FOSIS<\/p>\n","protected":false},"author":1,"featured_media":3544,"comment_status":"closed","ping_status":"closed","sticky":false,"template":"","format":"standard","meta":{"footnotes":""},"categories":[2,15],"tags":[],"class_list":["post-3542","post","type-post","status-publish","format-standard","has-post-thumbnail","hentry","category-noticias","category-ultimos-cursos","category-2","category-15","description-off"],"_links":{"self":[{"href":"https:\/\/ena.cl\/index.php?rest_route=\/wp\/v2\/posts\/3542","targetHints":{"allow":["GET"]}}],"collection":[{"href":"https:\/\/ena.cl\/index.php?rest_route=\/wp\/v2\/posts"}],"about":[{"href":"https:\/\/ena.cl\/index.php?rest_route=\/wp\/v2\/types\/post"}],"author":[{"embeddable":true,"href":"https:\/\/ena.cl\/index.php?rest_route=\/wp\/v2\/users\/1"}],"replies":[{"embeddable":true,"href":"https:\/\/ena.cl\/index.php?rest_route=%2Fwp%2Fv2%2Fcomments&post=3542"}],"version-history":[{"count":3,"href":"https:\/\/ena.cl\/index.php?rest_route=\/wp\/v2\/posts\/3542\/revisions"}],"predecessor-version":[{"id":3543,"href":"https:\/\/ena.cl\/index.php?rest_route=\/wp\/v2\/posts\/3542\/revisions\/3543"}],"wp:featuredmedia":[{"embeddable":true,"href":"https:\/\/ena.cl\/index.php?rest_route=\/wp\/v2\/media\/3544"}],"wp:attachment":[{"href":"https:\/\/ena.cl\/index.php?rest_route=%2Fwp%2Fv2%2Fmedia&parent=3542"}],"wp:term":[{"taxonomy":"category","embeddable":true,"href":"https:\/\/ena.cl\/index.php?rest_route=%2Fwp%2Fv2%2Fcategories&post=3542"},{"taxonomy":"post_tag","embeddable":true,"href":"https:\/\/ena.cl\/index.php?rest_route=%2Fwp%2Fv2%2Ftags&post=3542"}],"curies":[{"name":"wp","href":"https:\/\/api.w.org\/{rel}","templated":true}]}}