{"id":3515,"date":"2022-11-06T20:07:30","date_gmt":"2022-11-06T23:07:30","guid":{"rendered":"https:\/\/ena.cl\/planificacion-organizacion-y-gestion-del-tiempo-agencia-de-calidad-de-la-educacion-copy\/"},"modified":"2022-11-06T20:19:33","modified_gmt":"2022-11-06T23:19:33","slug":"compras-pubicas-bases-de-licitacion-y-criterios-de-evaluacion-superintendencia-de-educacion-escolar","status":"publish","type":"post","link":"https:\/\/ena.cl\/?p=3515","title":{"rendered":"Compras P\u00fabicas: Bases de Licitaci\u00f3n y Criterios de Evaluaci\u00f3n,  Superintendencia de Educaci\u00f3n Escolar"},"content":{"rendered":"<p><img loading=\"lazy\" decoding=\"async\" class=\"alignleft size-full wp-image-3517\" src=\"https:\/\/ena.cl\/wp-content\/uploads\/2022\/11\/compras-publicas.png\" alt=\"\" width=\"350\" height=\"263\" srcset=\"https:\/\/ena.cl\/wp-content\/uploads\/2022\/11\/compras-publicas.png 350w, https:\/\/ena.cl\/wp-content\/uploads\/2022\/11\/compras-publicas-300x225.png 300w\" sizes=\"auto, (max-width: 350px) 100vw, 350px\" \/>Desde el 20 de septiembre \u00a0 al\u00a0 7 \u00a0 de octubre\u00a0 se\u00a0 llev\u00f3\u00a0 a cabo en nuestra Aula Virtual el curso online de<strong> Gesti\u00f3n de Compras P\u00fabicas: Bases de Licitaci\u00f3n y Criterios de Evaluaci\u00f3n\u00a0 para la Superintendencia de Educaci\u00f3n Escolar.<br \/>\n<\/strong><\/p>\n<p><span data-sheets-formula-bar-text-style=\"font-size:11px;color:#000000;font-weight:normal;text-decoration:none;font-family:'Arial';font-style:normal;text-decoration-skip-ink:none;\"><span dir=\"ltr\" role=\"presentation\">El objetivo de este curso curso es reforzar los conocimientos generales sobre bases de licitaci\u00f3n y procesos licitatorios, profundizando en la elaboraci\u00f3n y los criterios de evaluaci\u00f3n de ofertas que permitan adquirir los bienes o servicios de manera eficiente ytransparente, para as\u00ed optimizar los procesos de compra.<\/span><\/span><\/p>\n<p>&nbsp;<\/p>\n<p>Si necesitas m\u00e1s informaci\u00f3n, <a href=\"https:\/\/ena.cl\/programa\/\">revisa nuestra oferta acad\u00e9mica<\/a><\/p>\n","protected":false},"excerpt":{"rendered":"<p>Desde el 20 de septiembre \u00a0 al\u00a0 7 \u00a0 de octubre\u00a0 se\u00a0 llev\u00f3\u00a0 a cabo en nuestra Aula Virtual el curso online de Gesti\u00f3n de Compras P\u00fabicas: Bases de Licitaci\u00f3n y Criterios de Evaluaci\u00f3n\u00a0 para la Superintendencia de Educaci\u00f3n Escolar.<\/p>\n","protected":false},"author":1,"featured_media":3517,"comment_status":"closed","ping_status":"closed","sticky":false,"template":"","format":"standard","meta":{"footnotes":""},"categories":[2,15],"tags":[],"class_list":["post-3515","post","type-post","status-publish","format-standard","has-post-thumbnail","hentry","category-noticias","category-ultimos-cursos","category-2","category-15","description-off"],"_links":{"self":[{"href":"https:\/\/ena.cl\/index.php?rest_route=\/wp\/v2\/posts\/3515","targetHints":{"allow":["GET"]}}],"collection":[{"href":"https:\/\/ena.cl\/index.php?rest_route=\/wp\/v2\/posts"}],"about":[{"href":"https:\/\/ena.cl\/index.php?rest_route=\/wp\/v2\/types\/post"}],"author":[{"embeddable":true,"href":"https:\/\/ena.cl\/index.php?rest_route=\/wp\/v2\/users\/1"}],"replies":[{"embeddable":true,"href":"https:\/\/ena.cl\/index.php?rest_route=%2Fwp%2Fv2%2Fcomments&post=3515"}],"version-history":[{"count":3,"href":"https:\/\/ena.cl\/index.php?rest_route=\/wp\/v2\/posts\/3515\/revisions"}],"predecessor-version":[{"id":3519,"href":"https:\/\/ena.cl\/index.php?rest_route=\/wp\/v2\/posts\/3515\/revisions\/3519"}],"wp:featuredmedia":[{"embeddable":true,"href":"https:\/\/ena.cl\/index.php?rest_route=\/wp\/v2\/media\/3517"}],"wp:attachment":[{"href":"https:\/\/ena.cl\/index.php?rest_route=%2Fwp%2Fv2%2Fmedia&parent=3515"}],"wp:term":[{"taxonomy":"category","embeddable":true,"href":"https:\/\/ena.cl\/index.php?rest_route=%2Fwp%2Fv2%2Fcategories&post=3515"},{"taxonomy":"post_tag","embeddable":true,"href":"https:\/\/ena.cl\/index.php?rest_route=%2Fwp%2Fv2%2Ftags&post=3515"}],"curies":[{"name":"wp","href":"https:\/\/api.w.org\/{rel}","templated":true}]}}