{"id":3510,"date":"2022-11-06T20:04:05","date_gmt":"2022-11-06T23:04:05","guid":{"rendered":"https:\/\/ena.cl\/estatuto-administrativo-hospital-dr-hernan-henriquez-aravena-copy-copy\/"},"modified":"2022-11-06T20:07:24","modified_gmt":"2022-11-06T23:07:24","slug":"planificacion-organizacion-y-gestion-del-tiempo-agencia-de-calidad-de-la-educacion","status":"publish","type":"post","link":"https:\/\/ena.cl\/?p=3510","title":{"rendered":"Planificaci\u00f3n, Organizaci\u00f3n y Gesti\u00f3n del Tiempo, Agencia de Calidad de la Educaci\u00f3n"},"content":{"rendered":"<p><img loading=\"lazy\" decoding=\"async\" class=\"alignleft size-full wp-image-3512\" src=\"https:\/\/ena.cl\/wp-content\/uploads\/2022\/11\/gestion-tiempo.png\" alt=\"\" width=\"350\" height=\"263\" srcset=\"https:\/\/ena.cl\/wp-content\/uploads\/2022\/11\/gestion-tiempo.png 350w, https:\/\/ena.cl\/wp-content\/uploads\/2022\/11\/gestion-tiempo-300x225.png 300w\" sizes=\"auto, (max-width: 350px) 100vw, 350px\" \/>Desde el 20 de septiembre \u00a0 al\u00a0 4 \u00a0 de octubre\u00a0 se\u00a0 llev\u00f3\u00a0 a cabo en nuestra Aula Virtual el curso online de<strong> Planificaci\u00f3n, Organizaci\u00f3n y Gesti\u00f3n del Tiempo, Agencia de Calidad de la Educaci\u00f3n.<br \/>\n<\/strong><\/p>\n<p><span data-sheets-formula-bar-text-style=\"font-size:11px;color:#000000;font-weight:normal;text-decoration:none;font-family:'Arial';font-style:normal;text-decoration-skip-ink:none;\"><span dir=\"ltr\" role=\"presentation\">El objetivo de este curso curso es que los alumnos adquieran las<br \/>\ncompetencias necesarias para gestionar eficazmente su tiempo, a fin de maximizar la eficiencia de su trabajo manejando mejor las interrupciones ajenas y generando h\u00e1bitos que permitan optimizar el tiempo.<\/span><\/span><\/p>\n<p>Si necesitas m\u00e1s informaci\u00f3n, <a href=\"https:\/\/ena.cl\/programa\/\">revisa nuestra oferta acad\u00e9mica<\/a><\/p>\n","protected":false},"excerpt":{"rendered":"<p>Desde el 20 de septiembre \u00a0 al\u00a0 4 \u00a0 de octubre\u00a0 se\u00a0 llev\u00f3\u00a0 a cabo en nuestra Aula Virtual el curso online de Planificaci\u00f3n, Organizaci\u00f3n y Gesti\u00f3n del Tiempo, Agencia de Calidad de la Educaci\u00f3n.<\/p>\n","protected":false},"author":1,"featured_media":3512,"comment_status":"closed","ping_status":"closed","sticky":false,"template":"","format":"standard","meta":{"footnotes":""},"categories":[2,15],"tags":[],"class_list":["post-3510","post","type-post","status-publish","format-standard","has-post-thumbnail","hentry","category-noticias","category-ultimos-cursos","category-2","category-15","description-off"],"_links":{"self":[{"href":"https:\/\/ena.cl\/index.php?rest_route=\/wp\/v2\/posts\/3510","targetHints":{"allow":["GET"]}}],"collection":[{"href":"https:\/\/ena.cl\/index.php?rest_route=\/wp\/v2\/posts"}],"about":[{"href":"https:\/\/ena.cl\/index.php?rest_route=\/wp\/v2\/types\/post"}],"author":[{"embeddable":true,"href":"https:\/\/ena.cl\/index.php?rest_route=\/wp\/v2\/users\/1"}],"replies":[{"embeddable":true,"href":"https:\/\/ena.cl\/index.php?rest_route=%2Fwp%2Fv2%2Fcomments&post=3510"}],"version-history":[{"count":3,"href":"https:\/\/ena.cl\/index.php?rest_route=\/wp\/v2\/posts\/3510\/revisions"}],"predecessor-version":[{"id":3514,"href":"https:\/\/ena.cl\/index.php?rest_route=\/wp\/v2\/posts\/3510\/revisions\/3514"}],"wp:featuredmedia":[{"embeddable":true,"href":"https:\/\/ena.cl\/index.php?rest_route=\/wp\/v2\/media\/3512"}],"wp:attachment":[{"href":"https:\/\/ena.cl\/index.php?rest_route=%2Fwp%2Fv2%2Fmedia&parent=3510"}],"wp:term":[{"taxonomy":"category","embeddable":true,"href":"https:\/\/ena.cl\/index.php?rest_route=%2Fwp%2Fv2%2Fcategories&post=3510"},{"taxonomy":"post_tag","embeddable":true,"href":"https:\/\/ena.cl\/index.php?rest_route=%2Fwp%2Fv2%2Ftags&post=3510"}],"curies":[{"name":"wp","href":"https:\/\/api.w.org\/{rel}","templated":true}]}}