{"id":3484,"date":"2022-10-25T15:21:13","date_gmt":"2022-10-25T18:21:13","guid":{"rendered":"https:\/\/ena.cl\/abordaje-integral-de-la-prevencion-e-intervencion-de-la-violencia-en-establecimientos-de-salud-servicio-de-salud-coquimbo-copy\/"},"modified":"2022-10-25T15:24:27","modified_gmt":"2022-10-25T18:24:27","slug":"tecnicas-de-autocuidado-y-manejo-del-estres-hospital-dr-felix-bulnes","status":"publish","type":"post","link":"https:\/\/ena.cl\/?p=3484","title":{"rendered":"T\u00e9cnicas de autocuidado y manejo del estr\u00e9s, Hospital Dr. F\u00e9lix Bulnes"},"content":{"rendered":"<p><img loading=\"lazy\" decoding=\"async\" class=\"alignleft size-full wp-image-3486\" src=\"https:\/\/ena.cl\/wp-content\/uploads\/2022\/10\/cursos-web.png\" alt=\"\" width=\"350\" height=\"263\" srcset=\"https:\/\/ena.cl\/wp-content\/uploads\/2022\/10\/cursos-web.png 350w, https:\/\/ena.cl\/wp-content\/uploads\/2022\/10\/cursos-web-300x225.png 300w\" sizes=\"auto, (max-width: 350px) 100vw, 350px\" \/>Desde el 1\u00a0 al\u00a0 30 de septiembre\u00a0 se\u00a0 llev\u00f3\u00a0 a cabo en nuestra Aula Virtual el curso online de<strong> T\u00e9cnicas de autocuidado y manejo del estr\u00e9s, para el Hospital Dr. F\u00e9lix Bulnes.<\/strong><\/p>\n<p><span data-sheets-formula-bar-text-style=\"font-size:11px;color:#000000;font-weight:normal;text-decoration:none;font-family:'Arial';font-style:normal;text-decoration-skip-ink:none;\">En este curso<span dir=\"ltr\" role=\"presentation\"> se propone que sus participantes<\/span> <span dir=\"ltr\" role=\"presentation\">l<\/span><span dir=\"ltr\" role=\"presentation\">ogr<\/span><span dir=\"ltr\" role=\"presentation\">e<\/span><span dir=\"ltr\" role=\"presentation\">n<\/span> <span dir=\"ltr\" role=\"presentation\">el aprendizaje de estrategias <\/span><span dir=\"ltr\" role=\"presentation\">y<\/span> <span dir=\"ltr\" role=\"presentation\">t\u00e9cnicas<\/span> <span dir=\"ltr\" role=\"presentation\">de manejo del<\/span> <span dir=\"ltr\" role=\"presentation\">estr\u00e9s<\/span><span dir=\"ltr\" role=\"presentation\">, que permitan gestionar las fuentes de<\/span> <span dir=\"ltr\" role=\"presentation\">estr\u00e9<\/span><span dir=\"ltr\" role=\"presentation\">s<\/span> <span dir=\"ltr\" role=\"presentation\">y <\/span><span dir=\"ltr\" role=\"presentation\">afrontamiento de una manera<\/span> <span dir=\"ltr\" role=\"presentation\">m\u00e1s<\/span> <span dir=\"ltr\" role=\"presentation\">eficiente lo cual<\/span> <span dir=\"ltr\" role=\"presentation\">tendr<\/span><span dir=\"ltr\" role=\"presentation\">\u00e1<\/span>\u00a0<span dir=\"ltr\" role=\"presentation\">un impacto positivo en el <\/span><span dir=\"ltr\" role=\"presentation\">desempe\u00f1o laboral, adaptaci\u00f3n a las exigencias del<\/span> <span dir=\"ltr\" role=\"presentation\">entorno, y en el bienestar <\/span><span dir=\"ltr\" role=\"presentation\">emocional de las personas.<\/span><br \/>\n<\/span><\/p>\n<p>Si necesitas m\u00e1s informaci\u00f3n, <a href=\"https:\/\/ena.cl\/programa\/\">revisa nuestra oferta acad\u00e9mica<\/a><\/p>\n","protected":false},"excerpt":{"rendered":"<p>Desde el 1\u00a0 al\u00a0 30 de septiembre\u00a0 se\u00a0 llev\u00f3\u00a0 a cabo en nuestra Aula Virtual el curso online de T\u00e9cnicas de autocuidado y manejo del estr\u00e9s, para el Hospital Dr. F\u00e9lix Bulnes.<\/p>\n","protected":false},"author":1,"featured_media":3486,"comment_status":"closed","ping_status":"closed","sticky":false,"template":"","format":"standard","meta":{"footnotes":""},"categories":[2,15],"tags":[],"class_list":["post-3484","post","type-post","status-publish","format-standard","has-post-thumbnail","hentry","category-noticias","category-ultimos-cursos","category-2","category-15","description-off"],"_links":{"self":[{"href":"https:\/\/ena.cl\/index.php?rest_route=\/wp\/v2\/posts\/3484","targetHints":{"allow":["GET"]}}],"collection":[{"href":"https:\/\/ena.cl\/index.php?rest_route=\/wp\/v2\/posts"}],"about":[{"href":"https:\/\/ena.cl\/index.php?rest_route=\/wp\/v2\/types\/post"}],"author":[{"embeddable":true,"href":"https:\/\/ena.cl\/index.php?rest_route=\/wp\/v2\/users\/1"}],"replies":[{"embeddable":true,"href":"https:\/\/ena.cl\/index.php?rest_route=%2Fwp%2Fv2%2Fcomments&post=3484"}],"version-history":[{"count":2,"href":"https:\/\/ena.cl\/index.php?rest_route=\/wp\/v2\/posts\/3484\/revisions"}],"predecessor-version":[{"id":3487,"href":"https:\/\/ena.cl\/index.php?rest_route=\/wp\/v2\/posts\/3484\/revisions\/3487"}],"wp:featuredmedia":[{"embeddable":true,"href":"https:\/\/ena.cl\/index.php?rest_route=\/wp\/v2\/media\/3486"}],"wp:attachment":[{"href":"https:\/\/ena.cl\/index.php?rest_route=%2Fwp%2Fv2%2Fmedia&parent=3484"}],"wp:term":[{"taxonomy":"category","embeddable":true,"href":"https:\/\/ena.cl\/index.php?rest_route=%2Fwp%2Fv2%2Fcategories&post=3484"},{"taxonomy":"post_tag","embeddable":true,"href":"https:\/\/ena.cl\/index.php?rest_route=%2Fwp%2Fv2%2Ftags&post=3484"}],"curies":[{"name":"wp","href":"https:\/\/api.w.org\/{rel}","templated":true}]}}