{"id":3477,"date":"2022-09-24T23:03:27","date_gmt":"2022-09-25T02:03:27","guid":{"rendered":"https:\/\/ena.cl\/abordaje-integral-de-la-prevencion-e-intervencion-de-la-violencia-en-establecimientos-de-salud-servicio-de-salud-coquimbo-copy\/"},"modified":"2022-09-29T23:23:32","modified_gmt":"2022-09-30T02:23:32","slug":"proteccion-de-datos-personales-en-materia-sanitaria-centro-oncologico-del-norte","status":"publish","type":"post","link":"https:\/\/ena.cl\/?p=3477","title":{"rendered":"Protecci\u00f3n de Datos Personales en materia sanitaria, Centro Onc\u00f3logico del Norte"},"content":{"rendered":"<p><img loading=\"lazy\" decoding=\"async\" class=\"alignleft size-full wp-image-3479\" src=\"https:\/\/ena.cl\/wp-content\/uploads\/2022\/09\/centro-oncologico.png\" alt=\"\" width=\"350\" height=\"263\" srcset=\"https:\/\/ena.cl\/wp-content\/uploads\/2022\/09\/centro-oncologico.png 350w, https:\/\/ena.cl\/wp-content\/uploads\/2022\/09\/centro-oncologico-300x225.png 300w\" sizes=\"auto, (max-width: 350px) 100vw, 350px\" \/>Desde el 22 de agosto \u00a0 al\u00a0\u00a0 6 de septiembre\u00a0 se\u00a0 llev\u00f3\u00a0 a cabo en nuestra Aula Virtual el curso online de <strong>Protecci\u00f3n de Datos Personales en materia sanitaria para el Centro Onc\u00f3logico del Norte<\/strong><\/p>\n<p><span data-sheets-formula-bar-text-style=\"font-size:11px;color:#000000;font-weight:normal;text-decoration:none;font-family:'Arial';font-style:normal;text-decoration-skip-ink:none;\"> El objetivo de este curso fue conocer y comprender los alcances de la regulaci\u00f3n ordinaria y especial en materia de protecci\u00f3n de datos personales, as\u00ed como de los principales problemas en materia del tratamiento de la informaci\u00f3n en las acciones vinculadas a la atenci\u00f3n de salud.<\/span><\/p>\n<p>Si necesitas m\u00e1s informaci\u00f3n, <a href=\"https:\/\/ena.cl\/programa\/\">revisa nuestra oferta acad\u00e9mica<\/a><\/p>\n","protected":false},"excerpt":{"rendered":"<p>Desde el 22 de agosto \u00a0 al\u00a0\u00a0 6 de septiembre\u00a0 se\u00a0 llev\u00f3\u00a0 a cabo en nuestra Aula Virtual el curso online de Protecci\u00f3n de Datos Personales en materia sanitaria para el Centro Onc\u00f3logico del Norte<\/p>\n","protected":false},"author":1,"featured_media":3479,"comment_status":"closed","ping_status":"closed","sticky":false,"template":"","format":"standard","meta":{"footnotes":""},"categories":[2,15],"tags":[],"class_list":["post-3477","post","type-post","status-publish","format-standard","has-post-thumbnail","hentry","category-noticias","category-ultimos-cursos","category-2","category-15","description-off"],"_links":{"self":[{"href":"https:\/\/ena.cl\/index.php?rest_route=\/wp\/v2\/posts\/3477","targetHints":{"allow":["GET"]}}],"collection":[{"href":"https:\/\/ena.cl\/index.php?rest_route=\/wp\/v2\/posts"}],"about":[{"href":"https:\/\/ena.cl\/index.php?rest_route=\/wp\/v2\/types\/post"}],"author":[{"embeddable":true,"href":"https:\/\/ena.cl\/index.php?rest_route=\/wp\/v2\/users\/1"}],"replies":[{"embeddable":true,"href":"https:\/\/ena.cl\/index.php?rest_route=%2Fwp%2Fv2%2Fcomments&post=3477"}],"version-history":[{"count":3,"href":"https:\/\/ena.cl\/index.php?rest_route=\/wp\/v2\/posts\/3477\/revisions"}],"predecessor-version":[{"id":3482,"href":"https:\/\/ena.cl\/index.php?rest_route=\/wp\/v2\/posts\/3477\/revisions\/3482"}],"wp:featuredmedia":[{"embeddable":true,"href":"https:\/\/ena.cl\/index.php?rest_route=\/wp\/v2\/media\/3479"}],"wp:attachment":[{"href":"https:\/\/ena.cl\/index.php?rest_route=%2Fwp%2Fv2%2Fmedia&parent=3477"}],"wp:term":[{"taxonomy":"category","embeddable":true,"href":"https:\/\/ena.cl\/index.php?rest_route=%2Fwp%2Fv2%2Fcategories&post=3477"},{"taxonomy":"post_tag","embeddable":true,"href":"https:\/\/ena.cl\/index.php?rest_route=%2Fwp%2Fv2%2Ftags&post=3477"}],"curies":[{"name":"wp","href":"https:\/\/api.w.org\/{rel}","templated":true}]}}