{"id":3416,"date":"2022-08-22T17:39:11","date_gmt":"2022-08-22T17:39:11","guid":{"rendered":"https:\/\/ena.cl\/modelo-de-atencion-integral-en-salud-mais-hospital-comunitario-de-mejillones-copy\/"},"modified":"2022-08-22T17:45:52","modified_gmt":"2022-08-22T17:45:52","slug":"estatuto-administrativo-avanzado","status":"publish","type":"post","link":"https:\/\/ena.cl\/?p=3416","title":{"rendered":"Estatuto Administrativo (avanzado), Hospital Juan No\u00e9 Crevani de Arica."},"content":{"rendered":"<p><img loading=\"lazy\" decoding=\"async\" class=\"alignleft size-full wp-image-3418\" src=\"https:\/\/ena.cl\/wp-content\/uploads\/2022\/08\/cursos-ena-web-julio-1.png\" alt=\"\" width=\"350\" height=\"263\" srcset=\"https:\/\/ena.cl\/wp-content\/uploads\/2022\/08\/cursos-ena-web-julio-1.png 350w, https:\/\/ena.cl\/wp-content\/uploads\/2022\/08\/cursos-ena-web-julio-1-300x225.png 300w\" sizes=\"auto, (max-width: 350px) 100vw, 350px\" \/>Desde el\u00a0 25 de julio\u00a0 al\u00a0 25\u00a0 de agosto\u00a0 se\u00a0 est\u00e1 llevando a cabo en nuestra Aula Virtual el curso online de <strong>Estatuto Administrativo (Avanzado),\u00a0 Hospital Juan No\u00e9 Crevani de Arica.<\/strong><\/p>\n<p><span data-sheets-formula-bar-text-style=\"font-size:11px;color:#000000;font-weight:normal;text-decoration:none;font-family:'Arial';font-style:normal;text-decoration-skip-ink:none;\">El objetivo de este curso es conocer el Estatuto Administrativo aplicable al personal de salud, con especial consideraci\u00f3n a las reglas que en materia de personal incorpor\u00f3 la ley de Autoridad Sanitaria con la finalidad de aplicarlo a su relaci\u00f3n laboral actual.<\/span><\/p>\n<p>Si necesitas m\u00e1s informaci\u00f3n, <a href=\"https:\/\/ena.cl\/programa\/\">revisa nuestra oferta acad\u00e9mica<\/a><\/p>\n","protected":false},"excerpt":{"rendered":"<p>Desde el\u00a0 25 de julio\u00a0 al\u00a0 25\u00a0 de agosto\u00a0 se\u00a0 est\u00e1 llevando a cabo en nuestra Aula Virtual el curso online de Estatuto Administrativo (Avanzado),\u00a0 Hospital Juan No\u00e9 Crevani de Arica.<\/p>\n","protected":false},"author":1,"featured_media":3418,"comment_status":"closed","ping_status":"closed","sticky":false,"template":"","format":"standard","meta":{"footnotes":""},"categories":[2,15],"tags":[],"class_list":["post-3416","post","type-post","status-publish","format-standard","has-post-thumbnail","hentry","category-noticias","category-ultimos-cursos","category-2","category-15","description-off"],"_links":{"self":[{"href":"https:\/\/ena.cl\/index.php?rest_route=\/wp\/v2\/posts\/3416","targetHints":{"allow":["GET"]}}],"collection":[{"href":"https:\/\/ena.cl\/index.php?rest_route=\/wp\/v2\/posts"}],"about":[{"href":"https:\/\/ena.cl\/index.php?rest_route=\/wp\/v2\/types\/post"}],"author":[{"embeddable":true,"href":"https:\/\/ena.cl\/index.php?rest_route=\/wp\/v2\/users\/1"}],"replies":[{"embeddable":true,"href":"https:\/\/ena.cl\/index.php?rest_route=%2Fwp%2Fv2%2Fcomments&post=3416"}],"version-history":[{"count":4,"href":"https:\/\/ena.cl\/index.php?rest_route=\/wp\/v2\/posts\/3416\/revisions"}],"predecessor-version":[{"id":3421,"href":"https:\/\/ena.cl\/index.php?rest_route=\/wp\/v2\/posts\/3416\/revisions\/3421"}],"wp:featuredmedia":[{"embeddable":true,"href":"https:\/\/ena.cl\/index.php?rest_route=\/wp\/v2\/media\/3418"}],"wp:attachment":[{"href":"https:\/\/ena.cl\/index.php?rest_route=%2Fwp%2Fv2%2Fmedia&parent=3416"}],"wp:term":[{"taxonomy":"category","embeddable":true,"href":"https:\/\/ena.cl\/index.php?rest_route=%2Fwp%2Fv2%2Fcategories&post=3416"},{"taxonomy":"post_tag","embeddable":true,"href":"https:\/\/ena.cl\/index.php?rest_route=%2Fwp%2Fv2%2Ftags&post=3416"}],"curies":[{"name":"wp","href":"https:\/\/api.w.org\/{rel}","templated":true}]}}