{"id":34,"date":"2014-04-21T23:07:58","date_gmt":"2014-04-21T23:07:58","guid":{"rendered":"https:\/\/ena.cl\/\/?p=34"},"modified":"2015-04-24T14:48:59","modified_gmt":"2015-04-24T14:48:59","slug":"profesores_se_capacitan_en_uc","status":"publish","type":"post","link":"https:\/\/ena.cl\/?p=34","title":{"rendered":"Profesores de la Escuela se capacitan en Presentaciones Exitosas"},"content":{"rendered":"<div class=\"wpb-content-wrapper\"><div>\n<p><img loading=\"lazy\" decoding=\"async\" class=\"alignleft wp-image-362 size-full\" src=\"https:\/\/ena.cl\/\/wp-content\/uploads\/2014\/04\/centro_extensi\u00f3n_uc_web.jpg\" alt=\"Profesores de la Escuela se capacitan en Presentaciones Exitosas \" width=\"450\" height=\"299\" srcset=\"https:\/\/ena.cl\/wp-content\/uploads\/2014\/04\/centro_extensi\u00f3n_uc_web.jpg 450w, https:\/\/ena.cl\/wp-content\/uploads\/2014\/04\/centro_extensi\u00f3n_uc_web-300x199.jpg 300w\" sizes=\"auto, (max-width: 450px) 100vw, 450px\" \/>En el marco de la pol\u00edtica de calidad de la Escuela Nacional de Administraci\u00f3n P\u00fablica es que un primer grupo de cuatro docentes del Programa de Formaci\u00f3n en Derecho P\u00fablico, han asistido al Curso \u201cPresentaciones Profesionales Exitosas\u201d impartido en la Pontificia Universidad Cat\u00f3lica de Chile entre el d\u00eda 19 de marzo al 4 de abril de 2014.<\/p>\n<p>El curso, cuyo objetivo principal fue que los docentes de la ENA adquirieran herramientas que les permitan realizar exposiciones asertivas, claras y eficaces, tuvo por contenidos principales: Planificaci\u00f3n, dise\u00f1o, y estructura de la presentaci\u00f3n; \u00a0Utilizaci\u00f3n de apoyos visuales: tipos de apoyos, planificaci\u00f3n y dise\u00f1o del contenido. Inter\u00e9s de la audiencia: Claridad en presentaci\u00f3n de ideas y \u00bfc\u00f3mo enfrentar las preguntas asertivamente?; Comunicaci\u00f3n verbal y no verbal, y dise\u00f1o del recurso comunicacional; y Dise\u00f1o de las dispositivas: Uso de colores, tipograf\u00eda, im\u00e1genes, gr\u00e1ficos y v\u00eddeos multimediales.<\/p>\n<p>Para finales del primer semestre se contempla el perfeccionamiento de un segundo grupo de acad\u00e9micos, y para mediados del segundo semestre, de 2014, la habilitaci\u00f3n de una p\u00e1gina web, para consulta permanente de nuestros profesores, con recursos especialmente dedicados al mejoramiento y calidad tanto de sus exposiciones como de sus talleres pr\u00e1cticos, todo lo anterior en el marco de nuestro Sistema de Gesti\u00f3n de la Calidad.<\/p>\n<p>[vc_row][vc_column width=&#8221;1\/1&#8243;][mpc_vc_share_list title=&#8221;Compartir&#8221; facebook=&#8221;1&#8243; twitter=&#8221;1&#8243; google_plus=&#8221;1&#8243;][\/vc_column][\/vc_row]<\/p>\n<\/div>\n<\/div>","protected":false},"excerpt":{"rendered":"<p>En el marco de la pol\u00edtica de calidad de la Escuela Nacional de Administraci\u00f3n P\u00fablica es que un primer grupo de cuatro docentes del Programa de Formaci\u00f3n en Derecho P\u00fablico, han asistido al Curso \u201cPresentaciones Profesionales Exitosas\u201d impartido en la Pontificia Universidad Cat\u00f3lica de Chile entre el d\u00eda 19 de marzo al 4 de abril&hellip;<\/p>\n","protected":false},"author":1,"featured_media":362,"comment_status":"closed","ping_status":"closed","sticky":false,"template":"","format":"standard","meta":{"footnotes":""},"categories":[2,15],"tags":[],"class_list":["post-34","post","type-post","status-publish","format-standard","has-post-thumbnail","hentry","category-noticias","category-ultimos-cursos","category-2","category-15","description-off"],"_links":{"self":[{"href":"https:\/\/ena.cl\/index.php?rest_route=\/wp\/v2\/posts\/34","targetHints":{"allow":["GET"]}}],"collection":[{"href":"https:\/\/ena.cl\/index.php?rest_route=\/wp\/v2\/posts"}],"about":[{"href":"https:\/\/ena.cl\/index.php?rest_route=\/wp\/v2\/types\/post"}],"author":[{"embeddable":true,"href":"https:\/\/ena.cl\/index.php?rest_route=\/wp\/v2\/users\/1"}],"replies":[{"embeddable":true,"href":"https:\/\/ena.cl\/index.php?rest_route=%2Fwp%2Fv2%2Fcomments&post=34"}],"version-history":[{"count":12,"href":"https:\/\/ena.cl\/index.php?rest_route=\/wp\/v2\/posts\/34\/revisions"}],"predecessor-version":[{"id":426,"href":"https:\/\/ena.cl\/index.php?rest_route=\/wp\/v2\/posts\/34\/revisions\/426"}],"wp:featuredmedia":[{"embeddable":true,"href":"https:\/\/ena.cl\/index.php?rest_route=\/wp\/v2\/media\/362"}],"wp:attachment":[{"href":"https:\/\/ena.cl\/index.php?rest_route=%2Fwp%2Fv2%2Fmedia&parent=34"}],"wp:term":[{"taxonomy":"category","embeddable":true,"href":"https:\/\/ena.cl\/index.php?rest_route=%2Fwp%2Fv2%2Fcategories&post=34"},{"taxonomy":"post_tag","embeddable":true,"href":"https:\/\/ena.cl\/index.php?rest_route=%2Fwp%2Fv2%2Ftags&post=34"}],"curies":[{"name":"wp","href":"https:\/\/api.w.org\/{rel}","templated":true}]}}