{"id":3388,"date":"2022-08-01T02:55:17","date_gmt":"2022-08-01T02:55:17","guid":{"rendered":"https:\/\/ena.cl\/?p=3388"},"modified":"2022-08-17T23:06:52","modified_gmt":"2022-08-17T23:06:52","slug":"gestion-del-desempeno-crs-maipu","status":"publish","type":"post","link":"https:\/\/ena.cl\/?p=3388","title":{"rendered":"Gesti\u00f3n del Desempe\u00f1o, CRS Maip\u00fa"},"content":{"rendered":"<p><img loading=\"lazy\" decoding=\"async\" class=\"alignleft size-full wp-image-3389\" src=\"https:\/\/ena.cl\/wp-content\/uploads\/2022\/08\/desempen\u0303o.png\" alt=\"\" width=\"350\" height=\"263\" srcset=\"https:\/\/ena.cl\/wp-content\/uploads\/2022\/08\/desempen\u0303o.png 350w, https:\/\/ena.cl\/wp-content\/uploads\/2022\/08\/desempen\u0303o-300x225.png 300w\" sizes=\"auto, (max-width: 350px) 100vw, 350px\" \/>Desde el\u00a0 4\u00a0 al\u00a0 22\u00a0 de julio\u00a0 se\u00a0 llev\u00f3 a cabo en nuestra Aula Virtual el curso online\u00a0 <strong>Gesti\u00f3n del Desempe\u00f1o, para el para el <span data-sheets-formula-bar-text-style=\"font-size:11px;color:#000000;font-weight:normal;text-decoration:none;font-family:'Arial';font-style:normal;text-decoration-skip-ink:none;\">CRS Maip\u00fa.<\/span><br \/>\n<\/strong><\/p>\n<p><span data-sheets-formula-bar-text-style=\"font-size:11px;color:#000000;font-weight:normal;text-decoration:none;font-family:'Arial';font-style:normal;text-decoration-skip-ink:none;\">El objetivo de este curso es que sus participantes adquieran las competencias necesarias para desempe\u00f1arse eficaz y correctamente, ya sea en calidad de integrante de la Junta Calificadora, Dirigente Gremial, Precalificador o Calificado, dando estricto cumplimiento al mandato del legislador, con presta atencio\u0301n a su especial situacio\u0301n reglamentaria y las disposiciones que en materia de personal ha incorporado la Ley de Autoridad Sanitaria.<\/span><\/p>\n<p>Si necesitas m\u00e1s informaci\u00f3n, <a href=\"https:\/\/ena.cl\/programa\/\">revisa nuestra oferta acad\u00e9mica<\/a><\/p>\n","protected":false},"excerpt":{"rendered":"<p>Desde el\u00a0 4\u00a0 al\u00a0 22\u00a0 de julio\u00a0 se\u00a0 llev\u00f3 a cabo en nuestra Aula Virtual el curso online\u00a0 Gesti\u00f3n del Desempe\u00f1o, para el Hospital Barros Luco para el CRS Maip\u00fa.<\/p>\n","protected":false},"author":1,"featured_media":3389,"comment_status":"closed","ping_status":"closed","sticky":false,"template":"","format":"standard","meta":{"footnotes":""},"categories":[2,15],"tags":[],"class_list":["post-3388","post","type-post","status-publish","format-standard","has-post-thumbnail","hentry","category-noticias","category-ultimos-cursos","category-2","category-15","description-off"],"_links":{"self":[{"href":"https:\/\/ena.cl\/index.php?rest_route=\/wp\/v2\/posts\/3388","targetHints":{"allow":["GET"]}}],"collection":[{"href":"https:\/\/ena.cl\/index.php?rest_route=\/wp\/v2\/posts"}],"about":[{"href":"https:\/\/ena.cl\/index.php?rest_route=\/wp\/v2\/types\/post"}],"author":[{"embeddable":true,"href":"https:\/\/ena.cl\/index.php?rest_route=\/wp\/v2\/users\/1"}],"replies":[{"embeddable":true,"href":"https:\/\/ena.cl\/index.php?rest_route=%2Fwp%2Fv2%2Fcomments&post=3388"}],"version-history":[{"count":2,"href":"https:\/\/ena.cl\/index.php?rest_route=\/wp\/v2\/posts\/3388\/revisions"}],"predecessor-version":[{"id":3415,"href":"https:\/\/ena.cl\/index.php?rest_route=\/wp\/v2\/posts\/3388\/revisions\/3415"}],"wp:featuredmedia":[{"embeddable":true,"href":"https:\/\/ena.cl\/index.php?rest_route=\/wp\/v2\/media\/3389"}],"wp:attachment":[{"href":"https:\/\/ena.cl\/index.php?rest_route=%2Fwp%2Fv2%2Fmedia&parent=3388"}],"wp:term":[{"taxonomy":"category","embeddable":true,"href":"https:\/\/ena.cl\/index.php?rest_route=%2Fwp%2Fv2%2Fcategories&post=3388"},{"taxonomy":"post_tag","embeddable":true,"href":"https:\/\/ena.cl\/index.php?rest_route=%2Fwp%2Fv2%2Ftags&post=3388"}],"curies":[{"name":"wp","href":"https:\/\/api.w.org\/{rel}","templated":true}]}}