{"id":3121,"date":"2021-12-13T16:10:18","date_gmt":"2021-12-13T16:10:18","guid":{"rendered":"https:\/\/ena.cl\/curso-de-comunicacion-efectiva-servicio-de-vivienda-y-urbanizacion-region-antofagasta-copy\/"},"modified":"2021-12-13T16:13:43","modified_gmt":"2021-12-13T16:13:43","slug":"curso-la-funcion-publica-regulada-en-el-codigo-del-trabajo-servicio-nacional-del-patrimonio-cultural","status":"publish","type":"post","link":"https:\/\/ena.cl\/?p=3121","title":{"rendered":"Curso La Funci\u00f3n P\u00fablica Regulada en el C\u00f3digo del Trabajo, Servicio Nacional del Patrimonio Cultural"},"content":{"rendered":"<p><img loading=\"lazy\" decoding=\"async\" class=\"alignleft wp-image-3123 size-full\" src=\"https:\/\/ena.cl\/wp-content\/uploads\/2021\/12\/cursos-ena-web-serpat.png\" alt=\"\" width=\"350\" height=\"263\" srcset=\"https:\/\/ena.cl\/wp-content\/uploads\/2021\/12\/cursos-ena-web-serpat.png 350w, https:\/\/ena.cl\/wp-content\/uploads\/2021\/12\/cursos-ena-web-serpat-300x225.png 300w\" sizes=\"auto, (max-width: 350px) 100vw, 350px\" \/>Entre desde el\u00a0 22 de noviembre\u00a0 al\u00a0 10 de diciembre\u00a0 se llev\u00f3 a cabo en nuestra Aula Virtual el curso online <strong>&#8220;La Funci\u00f3n P\u00fablica Regulada en el C\u00f3digo del Trabajo para el Servicio Nacional del Patrimonio Cultural<\/strong><strong>&#8220;<\/strong><\/p>\n<p>El curso tiene por objetivo que sus participantes conozcan y comprendan c\u00f3mo el C\u00f3digo del Trabajo act\u00faa como Estatuto Administrativo regulador de la funci\u00f3n p\u00fablica, y de esta forma adquieran los conocimientos necesarios para interpretar y aplicar su normativa a la relaci\u00f3n laboral entre el Estado y el personal del Servicio Nacional del Patrimonio Cultural.<\/p>\n<p>El curso\u00a0 incluye\u00a0 las siguientes tem\u00e1ticas:\u00a0 Naturaleza p\u00fablica del contrato de trabajo regulado en el C\u00f3digo del Trabajo, terminaci\u00f3n del contrato de trabajo y estabilidad en el empleo y el proceso laboral ante los tribunales del trabajo y la tutela de derechos fundamentales.<\/p>\n<p>Si necesitas m\u00e1s informaci\u00f3n sobre este curso, <a href=\"https:\/\/cursos.ena.cl\" target=\"_blank\" rel=\"noopener\">visita nuestro cat\u00e1logo de oferta acad\u00e9mica online.<\/a><\/p>\n<p>&nbsp;<\/p>\n","protected":false},"excerpt":{"rendered":"<p>Entre desde el\u00a0 22 de noviembre\u00a0 al\u00a0 10 de diciembre\u00a0 se llev\u00f3 a cabo en nuestra Aula Virtual el curso online &#8220;La Funci\u00f3n P\u00fablica Regulada en el C\u00f3digo del Trabajo para el Servicio Nacional del Patrimonio Cultural&#8220; El curso tiene por objetivo que sus participantes conozcan y comprendan c\u00f3mo el C\u00f3digo del Trabajo act\u00faa como&hellip;<\/p>\n","protected":false},"author":5,"featured_media":3123,"comment_status":"closed","ping_status":"closed","sticky":false,"template":"","format":"standard","meta":{"footnotes":""},"categories":[2,15],"tags":[],"class_list":["post-3121","post","type-post","status-publish","format-standard","has-post-thumbnail","hentry","category-noticias","category-ultimos-cursos","category-2","category-15","description-off"],"_links":{"self":[{"href":"https:\/\/ena.cl\/index.php?rest_route=\/wp\/v2\/posts\/3121","targetHints":{"allow":["GET"]}}],"collection":[{"href":"https:\/\/ena.cl\/index.php?rest_route=\/wp\/v2\/posts"}],"about":[{"href":"https:\/\/ena.cl\/index.php?rest_route=\/wp\/v2\/types\/post"}],"author":[{"embeddable":true,"href":"https:\/\/ena.cl\/index.php?rest_route=\/wp\/v2\/users\/5"}],"replies":[{"embeddable":true,"href":"https:\/\/ena.cl\/index.php?rest_route=%2Fwp%2Fv2%2Fcomments&post=3121"}],"version-history":[{"count":2,"href":"https:\/\/ena.cl\/index.php?rest_route=\/wp\/v2\/posts\/3121\/revisions"}],"predecessor-version":[{"id":3124,"href":"https:\/\/ena.cl\/index.php?rest_route=\/wp\/v2\/posts\/3121\/revisions\/3124"}],"wp:featuredmedia":[{"embeddable":true,"href":"https:\/\/ena.cl\/index.php?rest_route=\/wp\/v2\/media\/3123"}],"wp:attachment":[{"href":"https:\/\/ena.cl\/index.php?rest_route=%2Fwp%2Fv2%2Fmedia&parent=3121"}],"wp:term":[{"taxonomy":"category","embeddable":true,"href":"https:\/\/ena.cl\/index.php?rest_route=%2Fwp%2Fv2%2Fcategories&post=3121"},{"taxonomy":"post_tag","embeddable":true,"href":"https:\/\/ena.cl\/index.php?rest_route=%2Fwp%2Fv2%2Ftags&post=3121"}],"curies":[{"name":"wp","href":"https:\/\/api.w.org\/{rel}","templated":true}]}}