{"id":3117,"date":"2021-12-13T15:59:56","date_gmt":"2021-12-13T15:59:56","guid":{"rendered":"https:\/\/ena.cl\/curso-contabilidad-gubernamental-gobierno-regional-antofagasta-copy\/"},"modified":"2021-12-13T16:31:52","modified_gmt":"2021-12-13T16:31:52","slug":"curso-de-comunicacion-efectiva-servicio-de-vivienda-y-urbanizacion-region-antofagasta","status":"publish","type":"post","link":"https:\/\/ena.cl\/?p=3117","title":{"rendered":"Curso de Comunicaci\u00f3n Efectiva, Servicio de Vivienda y Urbanizaci\u00f3n Regi\u00f3n Antofagasta"},"content":{"rendered":"<p><img loading=\"lazy\" decoding=\"async\" class=\"alignleft wp-image-3119 size-full\" src=\"https:\/\/ena.cl\/wp-content\/uploads\/2021\/12\/cursos-ena-web-serviu-antofagasta.png\" alt=\"\" width=\"350\" height=\"263\" srcset=\"https:\/\/ena.cl\/wp-content\/uploads\/2021\/12\/cursos-ena-web-serviu-antofagasta.png 350w, https:\/\/ena.cl\/wp-content\/uploads\/2021\/12\/cursos-ena-web-serviu-antofagasta-300x225.png 300w\" sizes=\"auto, (max-width: 350px) 100vw, 350px\" \/>Entre desde el\u00a0 22 de noviembre\u00a0 al\u00a0 30 de noviembre\u00a0 se llev\u00f3 a cabo en nuestra Aula Virtual el curso online <strong>&#8220;Comunicaci\u00f3n Efectiva para el\u00a0 Servicio de Vivienda y Urbanizaci\u00f3n Regi\u00f3n Antofagasta<\/strong><strong>&#8220;<\/strong><\/p>\n<p>El objetivo del curso es que sus participantes sean capaces de reconocer el impacto del lenguaje y la comunicaci\u00f3n en las organizaciones; lograr que la comunicaci\u00f3n est\u00e9 al servicio del logro de los objetivos institucionales; aprender e incorporar competencias y habilidades comunicacionales para el quehacer laboral.<\/p>\n<p>El curso incluye\u00a0 las siguientes tem\u00e1ticas:\u00a0 Conceptos b\u00e1sicos de comunicaci\u00f3n, elementos para una comunicaci\u00f3n efectiva y\u00a0desarrollo de habilidades para una buena comunicaci\u00f3n.<\/p>\n<p>Si necesitas m\u00e1s informaci\u00f3n sobre este curso, <a href=\"https:\/\/cursos.ena.cl\/producto\/comunicacion-efectiva\/\" target=\"_blank\" rel=\"noopener\">visita nuestro cat\u00e1logo de oferta acad\u00e9mica online.<\/a><\/p>\n<p>&nbsp;<\/p>\n","protected":false},"excerpt":{"rendered":"<p>Entre desde el\u00a0 22 de noviembre\u00a0 al\u00a0 30 de noviembre\u00a0 se llev\u00f3 a cabo en nuestra Aula Virtual el curso online &#8220;Comunicaci\u00f3n Efectiva para el\u00a0 Servicio de Vivienda y Urbanizaci\u00f3n Regi\u00f3n Antofagasta&#8220; El objetivo del curso es que sus participantes sean capaces de reconocer el impacto del lenguaje y la comunicaci\u00f3n en las organizaciones; lograr&hellip;<\/p>\n","protected":false},"author":5,"featured_media":3119,"comment_status":"closed","ping_status":"closed","sticky":false,"template":"","format":"standard","meta":{"footnotes":""},"categories":[2,15],"tags":[],"class_list":["post-3117","post","type-post","status-publish","format-standard","has-post-thumbnail","hentry","category-noticias","category-ultimos-cursos","category-2","category-15","description-off"],"_links":{"self":[{"href":"https:\/\/ena.cl\/index.php?rest_route=\/wp\/v2\/posts\/3117","targetHints":{"allow":["GET"]}}],"collection":[{"href":"https:\/\/ena.cl\/index.php?rest_route=\/wp\/v2\/posts"}],"about":[{"href":"https:\/\/ena.cl\/index.php?rest_route=\/wp\/v2\/types\/post"}],"author":[{"embeddable":true,"href":"https:\/\/ena.cl\/index.php?rest_route=\/wp\/v2\/users\/5"}],"replies":[{"embeddable":true,"href":"https:\/\/ena.cl\/index.php?rest_route=%2Fwp%2Fv2%2Fcomments&post=3117"}],"version-history":[{"count":3,"href":"https:\/\/ena.cl\/index.php?rest_route=\/wp\/v2\/posts\/3117\/revisions"}],"predecessor-version":[{"id":3137,"href":"https:\/\/ena.cl\/index.php?rest_route=\/wp\/v2\/posts\/3117\/revisions\/3137"}],"wp:featuredmedia":[{"embeddable":true,"href":"https:\/\/ena.cl\/index.php?rest_route=\/wp\/v2\/media\/3119"}],"wp:attachment":[{"href":"https:\/\/ena.cl\/index.php?rest_route=%2Fwp%2Fv2%2Fmedia&parent=3117"}],"wp:term":[{"taxonomy":"category","embeddable":true,"href":"https:\/\/ena.cl\/index.php?rest_route=%2Fwp%2Fv2%2Fcategories&post=3117"},{"taxonomy":"post_tag","embeddable":true,"href":"https:\/\/ena.cl\/index.php?rest_route=%2Fwp%2Fv2%2Ftags&post=3117"}],"curies":[{"name":"wp","href":"https:\/\/api.w.org\/{rel}","templated":true}]}}