{"id":3109,"date":"2021-12-13T15:48:50","date_gmt":"2021-12-13T15:48:50","guid":{"rendered":"https:\/\/ena.cl\/gestion-del-cambio-para-el-hospital-de-quilpue-copy\/"},"modified":"2021-12-13T15:53:05","modified_gmt":"2021-12-13T15:53:05","slug":"curso-de-liderazgo-servicio-local-de-educacion-publica-puerto-cordillera","status":"publish","type":"post","link":"https:\/\/ena.cl\/?p=3109","title":{"rendered":"Curso de Liderazgo, Servicio Local de Educaci\u00f3n P\u00fablica Puerto Cordillera."},"content":{"rendered":"<p><img loading=\"lazy\" decoding=\"async\" class=\"alignleft wp-image-3110 size-full\" src=\"https:\/\/ena.cl\/wp-content\/uploads\/2021\/12\/puerto-cordillera.png\" alt=\"\" width=\"350\" height=\"263\" srcset=\"https:\/\/ena.cl\/wp-content\/uploads\/2021\/12\/puerto-cordillera.png 350w, https:\/\/ena.cl\/wp-content\/uploads\/2021\/12\/puerto-cordillera-300x225.png 300w\" sizes=\"auto, (max-width: 350px) 100vw, 350px\" \/>Entre desde el\u00a0 15 de noviembre\u00a0 al\u00a0 30 de noviembre\u00a0 se llev\u00f3 a cabo en nuestra Aula Virtual el curso online <strong>&#8220;Liderazgo, para el\u00a0 Servicio Local de Educaci\u00f3n P\u00fablica Puerto Cordillera.<\/strong><strong>&#8220;<\/strong><\/p>\n<p>El curso proporciona a las y los participantes conocimientos te\u00f3ricos y pr\u00e1cticos necesarios para el desarrollo de habilidades directivas tales como: autoliderazgo, comunicaci\u00f3n efectiva, as\u00ed como establecer relaciones de equipos de trabajo, manejar situaciones de conflicto, orientando a dar soluciones y fomentar la promoci\u00f3n y el desarrollo de las personas a cargo<\/p>\n<p>El curso est\u00e1 compuesto de 4 unidades\u00a0 e incluye\u00a0 las siguientes tem\u00e1ticas:\u00a0 Liderazgo efectivo, trabajo en equipo y comunicaci\u00f3n efectiva, manejo de conflictos, coaching, gesti\u00f3n del cambio personal y organizacional.<\/p>\n<p>Si necesitas m\u00e1s informaci\u00f3n sobre este curso, <a href=\"https:\/\/cursos.ena.cl\/producto\/liderazgo\/\" target=\"_blank\" rel=\"noopener\">visita nuestro cat\u00e1logo de oferta acad\u00e9mica online.<\/a><\/p>\n<p>&nbsp;<\/p>\n","protected":false},"excerpt":{"rendered":"<p>Entre desde el\u00a0 15 de noviembre\u00a0 al\u00a0 30 de noviembre\u00a0 se llev\u00f3 a cabo en nuestra Aula Virtual el curso online &#8220;Liderazgo, para el\u00a0 Servicio Local de Educaci\u00f3n P\u00fablica Puerto Cordillera.&#8220; El curso proporciona a las y los participantes conocimientos te\u00f3ricos y pr\u00e1cticos necesarios para el desarrollo de habilidades directivas tales como: autoliderazgo, comunicaci\u00f3n efectiva,&hellip;<\/p>\n","protected":false},"author":5,"featured_media":3110,"comment_status":"closed","ping_status":"closed","sticky":false,"template":"","format":"standard","meta":{"footnotes":""},"categories":[2,15],"tags":[],"class_list":["post-3109","post","type-post","status-publish","format-standard","has-post-thumbnail","hentry","category-noticias","category-ultimos-cursos","category-2","category-15","description-off"],"_links":{"self":[{"href":"https:\/\/ena.cl\/index.php?rest_route=\/wp\/v2\/posts\/3109","targetHints":{"allow":["GET"]}}],"collection":[{"href":"https:\/\/ena.cl\/index.php?rest_route=\/wp\/v2\/posts"}],"about":[{"href":"https:\/\/ena.cl\/index.php?rest_route=\/wp\/v2\/types\/post"}],"author":[{"embeddable":true,"href":"https:\/\/ena.cl\/index.php?rest_route=\/wp\/v2\/users\/5"}],"replies":[{"embeddable":true,"href":"https:\/\/ena.cl\/index.php?rest_route=%2Fwp%2Fv2%2Fcomments&post=3109"}],"version-history":[{"count":2,"href":"https:\/\/ena.cl\/index.php?rest_route=\/wp\/v2\/posts\/3109\/revisions"}],"predecessor-version":[{"id":3112,"href":"https:\/\/ena.cl\/index.php?rest_route=\/wp\/v2\/posts\/3109\/revisions\/3112"}],"wp:featuredmedia":[{"embeddable":true,"href":"https:\/\/ena.cl\/index.php?rest_route=\/wp\/v2\/media\/3110"}],"wp:attachment":[{"href":"https:\/\/ena.cl\/index.php?rest_route=%2Fwp%2Fv2%2Fmedia&parent=3109"}],"wp:term":[{"taxonomy":"category","embeddable":true,"href":"https:\/\/ena.cl\/index.php?rest_route=%2Fwp%2Fv2%2Fcategories&post=3109"},{"taxonomy":"post_tag","embeddable":true,"href":"https:\/\/ena.cl\/index.php?rest_route=%2Fwp%2Fv2%2Ftags&post=3109"}],"curies":[{"name":"wp","href":"https:\/\/api.w.org\/{rel}","templated":true}]}}