{"id":3082,"date":"2021-11-03T22:10:18","date_gmt":"2021-11-03T22:10:18","guid":{"rendered":"https:\/\/ena.cl\/curso-preparacion-de-fiscales-y-actuarios-de-procesos-disciplinarios-en-materias-de-acoso-laboral-sexual-y-discriminacion-arbitraria-copy\/"},"modified":"2021-11-03T22:13:49","modified_gmt":"2021-11-03T22:13:49","slug":"curso-estatuto-administrativo-para-seremi-educacion-tarapaca","status":"publish","type":"post","link":"https:\/\/ena.cl\/?p=3082","title":{"rendered":"Curso  Estatuto Administrativo para  Seremi Educaci\u00f3n Tarapac\u00e1."},"content":{"rendered":"<p><img loading=\"lazy\" decoding=\"async\" class=\"alignleft size-full wp-image-3084\" src=\"https:\/\/ena.cl\/wp-content\/uploads\/2021\/11\/cursos-ena-web.jpg\" alt=\"\" width=\"350\" height=\"263\" srcset=\"https:\/\/ena.cl\/wp-content\/uploads\/2021\/11\/cursos-ena-web.jpg 350w, https:\/\/ena.cl\/wp-content\/uploads\/2021\/11\/cursos-ena-web-300x225.jpg 300w\" sizes=\"auto, (max-width: 350px) 100vw, 350px\" \/>Entre desde el 2 al\u00a0\u00a016 de noviembre\u00a0 se est\u00e1 realizando en nuestra Aula Virtual el curso online <strong>&#8220;Curso Estatuto Administrativo para Seremi Educaci\u00f3n Tarapac\u00e1.<\/strong><strong>&#8220;<\/strong><\/p>\n<p>El curso tiene por objetivo que los participantes logren conocer el Estatuto Administrativo con la finalidad de aplicarlo a su relaci\u00f3n laboral en la Seremi de Educaci\u00f3n Tarapac\u00e1.<\/p>\n<p>Si necesitas m\u00e1s informaci\u00f3n sobre este curso, <a href=\"https:\/\/cursos.ena.cl\" target=\"_blank\" rel=\"noopener\">visita nuestro cat\u00e1logo de oferta acad\u00e9mica online.<\/a><\/p>\n<p>&nbsp;<\/p>\n","protected":false},"excerpt":{"rendered":"<p>Entre desde el 2 al\u00a0\u00a016 de noviembre\u00a0 se est\u00e1 realizando en nuestra Aula Virtual el curso online &#8220;Curso Estatuto Administrativo para Seremi Educaci\u00f3n Tarapac\u00e1.&#8220; El curso tiene por objetivo que los participantes logren conocer el Estatuto Administrativo con la finalidad de aplicarlo a su relaci\u00f3n laboral en la Seremi de Educaci\u00f3n Tarapac\u00e1. Si necesitas m\u00e1s&hellip;<\/p>\n","protected":false},"author":5,"featured_media":3084,"comment_status":"closed","ping_status":"closed","sticky":false,"template":"","format":"standard","meta":{"footnotes":""},"categories":[2,15],"tags":[],"class_list":["post-3082","post","type-post","status-publish","format-standard","has-post-thumbnail","hentry","category-noticias","category-ultimos-cursos","category-2","category-15","description-off"],"_links":{"self":[{"href":"https:\/\/ena.cl\/index.php?rest_route=\/wp\/v2\/posts\/3082","targetHints":{"allow":["GET"]}}],"collection":[{"href":"https:\/\/ena.cl\/index.php?rest_route=\/wp\/v2\/posts"}],"about":[{"href":"https:\/\/ena.cl\/index.php?rest_route=\/wp\/v2\/types\/post"}],"author":[{"embeddable":true,"href":"https:\/\/ena.cl\/index.php?rest_route=\/wp\/v2\/users\/5"}],"replies":[{"embeddable":true,"href":"https:\/\/ena.cl\/index.php?rest_route=%2Fwp%2Fv2%2Fcomments&post=3082"}],"version-history":[{"count":2,"href":"https:\/\/ena.cl\/index.php?rest_route=\/wp\/v2\/posts\/3082\/revisions"}],"predecessor-version":[{"id":3085,"href":"https:\/\/ena.cl\/index.php?rest_route=\/wp\/v2\/posts\/3082\/revisions\/3085"}],"wp:featuredmedia":[{"embeddable":true,"href":"https:\/\/ena.cl\/index.php?rest_route=\/wp\/v2\/media\/3084"}],"wp:attachment":[{"href":"https:\/\/ena.cl\/index.php?rest_route=%2Fwp%2Fv2%2Fmedia&parent=3082"}],"wp:term":[{"taxonomy":"category","embeddable":true,"href":"https:\/\/ena.cl\/index.php?rest_route=%2Fwp%2Fv2%2Fcategories&post=3082"},{"taxonomy":"post_tag","embeddable":true,"href":"https:\/\/ena.cl\/index.php?rest_route=%2Fwp%2Fv2%2Ftags&post=3082"}],"curies":[{"name":"wp","href":"https:\/\/api.w.org\/{rel}","templated":true}]}}