{"id":3054,"date":"2021-11-03T19:58:07","date_gmt":"2021-11-03T19:58:07","guid":{"rendered":"https:\/\/ena.cl\/cesfam-y-disam-de-la-municipalidad-de-maipu-reciben-capacitacion-sobre-alergia-alimentaria-copy-copy\/"},"modified":"2021-11-03T20:08:16","modified_gmt":"2021-11-03T20:08:16","slug":"nuevo-gobierno-y-administracion-regional-funciones-y-atribuciones-del-gobierno-regional-de-tarapaca","status":"publish","type":"post","link":"https:\/\/ena.cl\/?p=3054","title":{"rendered":"Nuevo Gobierno y Administraci\u00f3n Regional: Funciones y Atribuciones del Gobierno Regional de Tarapac\u00e1"},"content":{"rendered":"<p><img loading=\"lazy\" decoding=\"async\" class=\"alignleft size-full wp-image-3057\" src=\"https:\/\/ena.cl\/wp-content\/uploads\/2021\/11\/2.jpg\" alt=\"\" width=\"350\" height=\"263\" srcset=\"https:\/\/ena.cl\/wp-content\/uploads\/2021\/11\/2.jpg 350w, https:\/\/ena.cl\/wp-content\/uploads\/2021\/11\/2-300x225.jpg 300w\" sizes=\"auto, (max-width: 350px) 100vw, 350px\" \/>Entre desde el 2 al\u00a0\u00a016 de noviembre\u00a0 se est\u00e1 realizando en nuestra Aula Virtual el curso online <strong>&#8220;<em>Nuevo Gobierno y Administraci\u00f3n Regional: Funciones y Atribuciones del Gobierno Regional de Tarapac\u00e1<\/em><\/strong><strong>.&#8221;<\/strong><\/p>\n<p>El curso se propone que sus participantes, en primer lugar, conozcan y comprendan la nueva institucionalidad originada a partir de las reformas a la ley sobre Gobierno y Administracio\u0301n Regional, y en segundo lugar como se formula la nueva relacio\u0301n entre esta institucionalidad y los ciudadanos a nivel regional y provincial.<\/p>\n<p>Si necesitas m\u00e1s informaci\u00f3n sobre este curso, <a href=\"https:\/\/cursos.ena.cl\/\" target=\"_blank\" rel=\"noopener\">visita nuestro cat\u00e1logo de oferta acad\u00e9mica online.<\/a><\/p>\n<p>&nbsp;<\/p>\n","protected":false},"excerpt":{"rendered":"<p>Entre desde el 2 al\u00a0\u00a016 de noviembre\u00a0 se est\u00e1 realizando en nuestra Aula Virtual el curso online &#8220;Nuevo Gobierno y Administraci\u00f3n Regional: Funciones y Atribuciones del Gobierno Regional de Tarapac\u00e1.&#8221; El curso se propone que sus participantes, en primer lugar, conozcan y comprendan la nueva institucionalidad originada a partir de las reformas a la ley&hellip;<\/p>\n","protected":false},"author":5,"featured_media":3057,"comment_status":"closed","ping_status":"closed","sticky":false,"template":"","format":"standard","meta":{"footnotes":""},"categories":[2,15],"tags":[],"class_list":["post-3054","post","type-post","status-publish","format-standard","has-post-thumbnail","hentry","category-noticias","category-ultimos-cursos","category-2","category-15","description-off"],"_links":{"self":[{"href":"https:\/\/ena.cl\/index.php?rest_route=\/wp\/v2\/posts\/3054","targetHints":{"allow":["GET"]}}],"collection":[{"href":"https:\/\/ena.cl\/index.php?rest_route=\/wp\/v2\/posts"}],"about":[{"href":"https:\/\/ena.cl\/index.php?rest_route=\/wp\/v2\/types\/post"}],"author":[{"embeddable":true,"href":"https:\/\/ena.cl\/index.php?rest_route=\/wp\/v2\/users\/5"}],"replies":[{"embeddable":true,"href":"https:\/\/ena.cl\/index.php?rest_route=%2Fwp%2Fv2%2Fcomments&post=3054"}],"version-history":[{"count":3,"href":"https:\/\/ena.cl\/index.php?rest_route=\/wp\/v2\/posts\/3054\/revisions"}],"predecessor-version":[{"id":3058,"href":"https:\/\/ena.cl\/index.php?rest_route=\/wp\/v2\/posts\/3054\/revisions\/3058"}],"wp:featuredmedia":[{"embeddable":true,"href":"https:\/\/ena.cl\/index.php?rest_route=\/wp\/v2\/media\/3057"}],"wp:attachment":[{"href":"https:\/\/ena.cl\/index.php?rest_route=%2Fwp%2Fv2%2Fmedia&parent=3054"}],"wp:term":[{"taxonomy":"category","embeddable":true,"href":"https:\/\/ena.cl\/index.php?rest_route=%2Fwp%2Fv2%2Fcategories&post=3054"},{"taxonomy":"post_tag","embeddable":true,"href":"https:\/\/ena.cl\/index.php?rest_route=%2Fwp%2Fv2%2Ftags&post=3054"}],"curies":[{"name":"wp","href":"https:\/\/api.w.org\/{rel}","templated":true}]}}