{"id":30,"date":"2014-04-29T22:59:34","date_gmt":"2014-04-29T22:59:34","guid":{"rendered":"https:\/\/ena.cl\/\/?p=30"},"modified":"2015-04-24T14:48:37","modified_gmt":"2015-04-24T14:48:37","slug":"jornada_sobre_derechos_y_deberes","status":"publish","type":"post","link":"https:\/\/ena.cl\/?p=30","title":{"rendered":"Jornada sobre derechos y deberes de los pacientes"},"content":{"rendered":"<div class=\"wpb-content-wrapper\"><div style=\"color: #000000;\"><img loading=\"lazy\" decoding=\"async\" class=\"alignleft size-full wp-image-366\" src=\"https:\/\/ena.cl\/\/wp-content\/uploads\/2014\/04\/hosp_victoria_web.jpg\" alt=\"Jornada sobre derechos y deberes de los pacientes\" width=\"450\" height=\"298\" srcset=\"https:\/\/ena.cl\/wp-content\/uploads\/2014\/04\/hosp_victoria_web.jpg 450w, https:\/\/ena.cl\/wp-content\/uploads\/2014\/04\/hosp_victoria_web-300x198.jpg 300w\" sizes=\"auto, (max-width: 450px) 100vw, 450px\" \/>Los d\u00edas 5 y 6 de mayo se desarroll\u00f3 en el Hospital San Jos\u00e9 de la ciudad de Victoria, regi\u00f3n de la Araucan\u00eda, \u00a0el curso \u201cLey 20.584 sobre derechos y deberes de los usuarios\u201d cuya finalidad principal fue que los estudiantes, provenientes de los diferentes estamentos del recinto asistencial, adquirieran las competencias necesarias para, por una parte, aplicar las reglas y principios de la Ley 20.584 en su labor habitual, y por la otra, garantizar el cumplimiento de los derechos y los deberes que las personas tienen en relaci\u00f3n con acciones vinculadas a su atenci\u00f3n de salud, as\u00ed como tambi\u00e9n las garant\u00edas establecidas por la ley 19.966 sobre Garant\u00edas Expl\u00edcitas en Salud.<\/div>\n<div id=\"texto\" style=\"color: #000000;\">\n<p>Esta actividad, que tuvo por objetivo principal desarrollar competencias en el equipo de salud tendientes a fortalecer los derechos y establecer los deberes de los pacientes, familiares y acompa\u00f1antes, tambi\u00e9n consider\u00f3 el rol de los familiares y acompa\u00f1antes, la autonom\u00eda de las personas y sus l\u00edmites, la ficha cl\u00ednica, los comit\u00e9s de \u00e9tica asistenciales, los derechos de las personas con discapacidad ps\u00edquica o intelectual y los mecanismos para hacer efectiva la Ley 20.584: reclamo ante el prestador institucional, mediaci\u00f3n, procedimientos judiciales y responsabilidad administrativa en el caso de los prestadores institucionales p\u00fablicos.<\/p>\n<p>La actividad, combin\u00f3 sesiones expositivas con estudio de casos y talleres de ejercitaci\u00f3n.<\/p>\n<p>[vc_row][vc_column width=&#8221;1\/1&#8243;][mpc_vc_share_list title=&#8221;Compartir&#8221; facebook=&#8221;1&#8243; twitter=&#8221;1&#8243; google_plus=&#8221;1&#8243;][\/vc_column][\/vc_row]<\/p>\n<\/div>\n<\/div>","protected":false},"excerpt":{"rendered":"<p>Los d\u00edas 5 y 6 de mayo se desarroll\u00f3 en el Hospital San Jos\u00e9 de la ciudad de Victoria, regi\u00f3n de la Araucan\u00eda, \u00a0el curso \u201cLey 20.584 sobre derechos y deberes de los usuarios\u201d cuya finalidad principal fue que los estudiantes, provenientes de los diferentes estamentos del recinto asistencial, adquirieran las competencias necesarias para, por&hellip;<\/p>\n","protected":false},"author":1,"featured_media":366,"comment_status":"closed","ping_status":"closed","sticky":false,"template":"","format":"standard","meta":{"footnotes":""},"categories":[2,15],"tags":[],"class_list":["post-30","post","type-post","status-publish","format-standard","has-post-thumbnail","hentry","category-noticias","category-ultimos-cursos","category-2","category-15","description-off"],"_links":{"self":[{"href":"https:\/\/ena.cl\/index.php?rest_route=\/wp\/v2\/posts\/30","targetHints":{"allow":["GET"]}}],"collection":[{"href":"https:\/\/ena.cl\/index.php?rest_route=\/wp\/v2\/posts"}],"about":[{"href":"https:\/\/ena.cl\/index.php?rest_route=\/wp\/v2\/types\/post"}],"author":[{"embeddable":true,"href":"https:\/\/ena.cl\/index.php?rest_route=\/wp\/v2\/users\/1"}],"replies":[{"embeddable":true,"href":"https:\/\/ena.cl\/index.php?rest_route=%2Fwp%2Fv2%2Fcomments&post=30"}],"version-history":[{"count":6,"href":"https:\/\/ena.cl\/index.php?rest_route=\/wp\/v2\/posts\/30\/revisions"}],"predecessor-version":[{"id":367,"href":"https:\/\/ena.cl\/index.php?rest_route=\/wp\/v2\/posts\/30\/revisions\/367"}],"wp:featuredmedia":[{"embeddable":true,"href":"https:\/\/ena.cl\/index.php?rest_route=\/wp\/v2\/media\/366"}],"wp:attachment":[{"href":"https:\/\/ena.cl\/index.php?rest_route=%2Fwp%2Fv2%2Fmedia&parent=30"}],"wp:term":[{"taxonomy":"category","embeddable":true,"href":"https:\/\/ena.cl\/index.php?rest_route=%2Fwp%2Fv2%2Fcategories&post=30"},{"taxonomy":"post_tag","embeddable":true,"href":"https:\/\/ena.cl\/index.php?rest_route=%2Fwp%2Fv2%2Ftags&post=30"}],"curies":[{"name":"wp","href":"https:\/\/api.w.org\/{rel}","templated":true}]}}