{"id":2852,"date":"2019-12-20T15:34:22","date_gmt":"2019-12-20T15:34:22","guid":{"rendered":"https:\/\/ena.cl\/?p=2852"},"modified":"2020-01-15T15:44:12","modified_gmt":"2020-01-15T15:44:12","slug":"instituto-de-neurocirugia-desarrolla-habilidades-de-comunicacion-y-oratoria","status":"publish","type":"post","link":"https:\/\/ena.cl\/?p=2852","title":{"rendered":"Instituto de Neurocirug\u00eda desarrolla habilidades de Comunicaci\u00f3n y Oratoria"},"content":{"rendered":"<p><a href=\"https:\/\/ena.cl\/wp-content\/uploads\/2019\/12\/foto.jpg\"><img loading=\"lazy\" decoding=\"async\" class=\"size-medium wp-image-2855 alignleft\" src=\"https:\/\/ena.cl\/wp-content\/uploads\/2019\/12\/foto-300x223.jpg\" alt=\"\" width=\"300\" height=\"223\" srcset=\"https:\/\/ena.cl\/wp-content\/uploads\/2019\/12\/foto-300x223.jpg 300w, https:\/\/ena.cl\/wp-content\/uploads\/2019\/12\/foto-600x446.jpg 600w, https:\/\/ena.cl\/wp-content\/uploads\/2019\/12\/foto-768x571.jpg 768w, https:\/\/ena.cl\/wp-content\/uploads\/2019\/12\/foto-1024x761.jpg 1024w, https:\/\/ena.cl\/wp-content\/uploads\/2019\/12\/foto.jpg 2044w\" sizes=\"auto, (max-width: 300px) 100vw, 300px\" \/><\/a>En Santiago, los d\u00edas 19 y 20 de diciembre 2019, se llev\u00f3 a cabo una actividad destinada a desarrollar y aplicar \u201cT\u00e9cnicas de Comunicaci\u00f3n y Oratoria\u201d. El curso estuvo dirigido a funcionarias que se desempe\u00f1an como Secretarias en diversas unidades del Instituto de Neurocirug\u00eda y que buscan adquirir t\u00e9cnicas y herramientas para una comunicaci\u00f3n m\u00e1s efectiva, as\u00ed como adquirir habilidades de oratoria que faciliten el hablar en p\u00fablico y\/o realizar presentaciones orales con claridad, fluidez y uso de t\u00e9cnicas que permitan generar un impacto o persuadir a los dem\u00e1s mediante el recurso de la capacidad oratoria.<\/p>\n<p>Mediante diversas actividades pr\u00e1cticas, que se llevaron a cabo en las dos jornadas, se revisaron primeramente los elementos b\u00e1sicos del proceso de comunicaci\u00f3n y las barreras m\u00e1s comunes en el proceso comunicativo. Se realizaron ejercicios para comprender y llevar a cabo una comunicaci\u00f3n efectiva, mediante el uso de la asertividad, la empat\u00eda y la escucha activa.<\/p>\n<p>Por otro lado, se revis\u00f3 el manejo de las emociones durante los procesos comunicativos, especialmente en situaciones complejas, entregando herramientas para comprender y aplicar elementos de la inteligencia emocional en tales situaciones<\/p>\n<p>Finalmente, se entregaron t\u00e9cnicas para la aplicaci\u00f3n pr\u00e1ctica de la capacidad oratoria, orientada a situaciones en que es necesario contar con dichas destrezas para un desempe\u00f1o laboral m\u00e1s exitoso y satisfactorio.<\/p>\n","protected":false},"excerpt":{"rendered":"<p>En Santiago, los d\u00edas 19 y 20 de diciembre 2019, se llev\u00f3 a cabo una actividad destinada a desarrollar y aplicar \u201cT\u00e9cnicas de Comunicaci\u00f3n y Oratoria\u201d. El curso estuvo dirigido a funcionarias que se desempe\u00f1an como Secretarias en diversas unidades del Instituto de Neurocirug\u00eda y que buscan adquirir t\u00e9cnicas y herramientas para una comunicaci\u00f3n m\u00e1s&hellip;<\/p>\n","protected":false},"author":5,"featured_media":2855,"comment_status":"closed","ping_status":"closed","sticky":false,"template":"","format":"standard","meta":{"footnotes":""},"categories":[2,15],"tags":[],"class_list":["post-2852","post","type-post","status-publish","format-standard","has-post-thumbnail","hentry","category-noticias","category-ultimos-cursos","category-2","category-15","description-off"],"_links":{"self":[{"href":"https:\/\/ena.cl\/index.php?rest_route=\/wp\/v2\/posts\/2852","targetHints":{"allow":["GET"]}}],"collection":[{"href":"https:\/\/ena.cl\/index.php?rest_route=\/wp\/v2\/posts"}],"about":[{"href":"https:\/\/ena.cl\/index.php?rest_route=\/wp\/v2\/types\/post"}],"author":[{"embeddable":true,"href":"https:\/\/ena.cl\/index.php?rest_route=\/wp\/v2\/users\/5"}],"replies":[{"embeddable":true,"href":"https:\/\/ena.cl\/index.php?rest_route=%2Fwp%2Fv2%2Fcomments&post=2852"}],"version-history":[{"count":2,"href":"https:\/\/ena.cl\/index.php?rest_route=\/wp\/v2\/posts\/2852\/revisions"}],"predecessor-version":[{"id":2856,"href":"https:\/\/ena.cl\/index.php?rest_route=\/wp\/v2\/posts\/2852\/revisions\/2856"}],"wp:featuredmedia":[{"embeddable":true,"href":"https:\/\/ena.cl\/index.php?rest_route=\/wp\/v2\/media\/2855"}],"wp:attachment":[{"href":"https:\/\/ena.cl\/index.php?rest_route=%2Fwp%2Fv2%2Fmedia&parent=2852"}],"wp:term":[{"taxonomy":"category","embeddable":true,"href":"https:\/\/ena.cl\/index.php?rest_route=%2Fwp%2Fv2%2Fcategories&post=2852"},{"taxonomy":"post_tag","embeddable":true,"href":"https:\/\/ena.cl\/index.php?rest_route=%2Fwp%2Fv2%2Ftags&post=2852"}],"curies":[{"name":"wp","href":"https:\/\/api.w.org\/{rel}","templated":true}]}}