{"id":2841,"date":"2019-12-05T15:24:02","date_gmt":"2019-12-05T15:24:02","guid":{"rendered":"https:\/\/ena.cl\/?p=2841"},"modified":"2020-02-24T18:51:55","modified_gmt":"2020-02-24T18:51:55","slug":"gobierno-regional-de-valparaiso-se-instruye-en-desempeno-individual-y-proceso-de-calificaciones","status":"publish","type":"post","link":"https:\/\/ena.cl\/?p=2841","title":{"rendered":"Gobierno Regional de Valpara\u00edso se instruye en Desempe\u00f1o Individual y Proceso de Calificaciones"},"content":{"rendered":"<p><img loading=\"lazy\" decoding=\"async\" class=\"alignleft size-medium wp-image-2875\" src=\"https:\/\/ena.cl\/wp-content\/uploads\/2019\/12\/Captura-de-Pantalla-2020-02-11-a-las-23.11.13-300x246.png\" alt=\"\" width=\"300\" height=\"246\" srcset=\"https:\/\/ena.cl\/wp-content\/uploads\/2019\/12\/Captura-de-Pantalla-2020-02-11-a-las-23.11.13-300x246.png 300w, https:\/\/ena.cl\/wp-content\/uploads\/2019\/12\/Captura-de-Pantalla-2020-02-11-a-las-23.11.13-600x492.png 600w, https:\/\/ena.cl\/wp-content\/uploads\/2019\/12\/Captura-de-Pantalla-2020-02-11-a-las-23.11.13.png 708w\" sizes=\"auto, (max-width: 300px) 100vw, 300px\" \/>En la ciudad de Vi\u00f1a del Mar, los d\u00edas 4 y 6 de diciembre se realiz\u00f3 una actividad para funcionarios del Gobierno Regional de Valpara\u00edso, denominada \u201cDesempe\u00f1o Individual y Proceso de Calificaciones\u201d.<\/p>\n<p>La actividad tuvo por objetivo que los participantes lograsen adquirir un cabal conocimiento respecto de las normas legales y reglamentarias del Sistema Calificatorio, sean \u00e9stas generales o especiales, con la finalidad de apelar, representar al personal calificado o formular cada uno de los conceptos y notas, a nivel de precalificaci\u00f3n o calificaci\u00f3n, respecto de los m\u00e9ritos o deficiencias de los empleados, garantizando de esta manera un actuar responsable, imparcial y objetivo.<\/p>\n<p>El curso se orient\u00f3 a conocer y comprender la normativa aplicable en materia de evaluaci\u00f3n de desempe\u00f1o. De igual forma, se revisaron, a la luz de los dict\u00e1menes de la contralor\u00eda general de la rep\u00fablica, cada una de las etapas del Sistema de Evaluaci\u00f3n de Desempe\u00f1o, aplicable al personal del sector p\u00fablico, y a los lineamientos estrat\u00e9gicos de la instituci\u00f3n.<\/p>\n<p>Por otra parte, el curso se aboc\u00f3 a conocer y comprender el rol de las asociaciones de funcionarios, delegados del personal y el representante del personal en la Junta Calificadora.<\/p>\n<p>Finalmente, se revisaron las v\u00edas de impugnaci\u00f3n a la decisi\u00f3n calificatoria: la apelaci\u00f3n y el recurso de reclamaci\u00f3n por vicio de legalidad.<\/p>\n<p>Las clases se desarrollaron mediante clases expositivo-participativas, an\u00e1lisis de casos y revisi\u00f3n de jurisprudencia administrativa y laboral.<\/p>\n","protected":false},"excerpt":{"rendered":"<p>En la ciudad de Vi\u00f1a del Mar, los d\u00edas 4 y 6 de diciembre se realiz\u00f3 una actividad para funcionarios del Gobierno Regional de Valpara\u00edso, denominada \u201cDesempe\u00f1o Individual y Proceso de Calificaciones\u201d. La actividad tuvo por objetivo que los participantes lograsen adquirir un cabal conocimiento respecto de las normas legales y reglamentarias del Sistema Calificatorio,&hellip;<\/p>\n","protected":false},"author":5,"featured_media":2879,"comment_status":"closed","ping_status":"closed","sticky":false,"template":"","format":"standard","meta":{"footnotes":""},"categories":[2,15],"tags":[],"class_list":["post-2841","post","type-post","status-publish","format-standard","has-post-thumbnail","hentry","category-noticias","category-ultimos-cursos","category-2","category-15","description-off"],"_links":{"self":[{"href":"https:\/\/ena.cl\/index.php?rest_route=\/wp\/v2\/posts\/2841","targetHints":{"allow":["GET"]}}],"collection":[{"href":"https:\/\/ena.cl\/index.php?rest_route=\/wp\/v2\/posts"}],"about":[{"href":"https:\/\/ena.cl\/index.php?rest_route=\/wp\/v2\/types\/post"}],"author":[{"embeddable":true,"href":"https:\/\/ena.cl\/index.php?rest_route=\/wp\/v2\/users\/5"}],"replies":[{"embeddable":true,"href":"https:\/\/ena.cl\/index.php?rest_route=%2Fwp%2Fv2%2Fcomments&post=2841"}],"version-history":[{"count":5,"href":"https:\/\/ena.cl\/index.php?rest_route=\/wp\/v2\/posts\/2841\/revisions"}],"predecessor-version":[{"id":2876,"href":"https:\/\/ena.cl\/index.php?rest_route=\/wp\/v2\/posts\/2841\/revisions\/2876"}],"wp:featuredmedia":[{"embeddable":true,"href":"https:\/\/ena.cl\/index.php?rest_route=\/wp\/v2\/media\/2879"}],"wp:attachment":[{"href":"https:\/\/ena.cl\/index.php?rest_route=%2Fwp%2Fv2%2Fmedia&parent=2841"}],"wp:term":[{"taxonomy":"category","embeddable":true,"href":"https:\/\/ena.cl\/index.php?rest_route=%2Fwp%2Fv2%2Fcategories&post=2841"},{"taxonomy":"post_tag","embeddable":true,"href":"https:\/\/ena.cl\/index.php?rest_route=%2Fwp%2Fv2%2Ftags&post=2841"}],"curies":[{"name":"wp","href":"https:\/\/api.w.org\/{rel}","templated":true}]}}