{"id":2809,"date":"2019-11-15T16:17:53","date_gmt":"2019-11-15T16:17:53","guid":{"rendered":"https:\/\/ena.cl\/?p=2809"},"modified":"2019-12-09T16:32:32","modified_gmt":"2019-12-09T16:32:32","slug":"comision-chilena-de-energia-nuclear-instruye-a-sus-funcionarios-en-tematicas-de-maltrato-acoso-laboral-y-acoso-sexual","status":"publish","type":"post","link":"https:\/\/ena.cl\/?p=2809","title":{"rendered":"Comisi\u00f3n Chilena de Energ\u00eda Nuclear instruye a sus funcionarios en tem\u00e1ticas de Maltrato, Acoso Laboral y Acoso Sexual"},"content":{"rendered":"<p><a href=\"https:\/\/ena.cl\/wp-content\/uploads\/2019\/11\/Copia-de-IMG-20191115-WA0005.jpg\"><img loading=\"lazy\" decoding=\"async\" class=\"size-medium wp-image-2815 alignleft\" src=\"https:\/\/ena.cl\/wp-content\/uploads\/2019\/11\/Copia-de-IMG-20191115-WA0005-300x205.jpg\" alt=\"\" width=\"300\" height=\"205\" srcset=\"https:\/\/ena.cl\/wp-content\/uploads\/2019\/11\/Copia-de-IMG-20191115-WA0005-300x205.jpg 300w, https:\/\/ena.cl\/wp-content\/uploads\/2019\/11\/Copia-de-IMG-20191115-WA0005-600x410.jpg 600w, https:\/\/ena.cl\/wp-content\/uploads\/2019\/11\/Copia-de-IMG-20191115-WA0005-768x525.jpg 768w, https:\/\/ena.cl\/wp-content\/uploads\/2019\/11\/Copia-de-IMG-20191115-WA0005-1024x700.jpg 1024w, https:\/\/ena.cl\/wp-content\/uploads\/2019\/11\/Copia-de-IMG-20191115-WA0005.jpg 1052w\" sizes=\"auto, (max-width: 300px) 100vw, 300px\" \/><\/a>En Santiago, los d\u00edas 14 y 15 de noviembre 2019, se llev\u00f3 a cabo una actividad destinada a fortalecer competencias para reconocer, prevenir y sancionar conductas de Maltrato y Acoso Laboral y Sexual (MALS), promoviendo el buen trato y el respeto por la dignidad e igualdad en el trato entre hombres y mujeres.<\/p>\n<p>Los contenidos del curso \u00a0se orientaron a identificar el marco conceptual psicol\u00f3gico, legal, laboral y de jurisprudencia del acoso laboral y sexual aplicable en la Administraci\u00f3n P\u00fablica. As\u00ed mismo, adquirir las competencias para tipificar y prevenir el acoso laboral y sexual, procurando mantener ambientes de trabajo saludables.<\/p>\n<p>El curso se desarroll\u00f3 con una metodolog\u00eda presencial, integrando la teor\u00eda y la pr\u00e1ctica, con la presentaci\u00f3n de casos y actividades dise\u00f1adas para sensibilidad en el tema y favorecer el buen trato laboral.<\/p>\n","protected":false},"excerpt":{"rendered":"<p>En Santiago, los d\u00edas 14 y 15 de noviembre 2019, se llev\u00f3 a cabo una actividad destinada a fortalecer competencias para reconocer, prevenir y sancionar conductas de Maltrato y Acoso Laboral y Sexual (MALS), promoviendo el buen trato y el respeto por la dignidad e igualdad en el trato entre hombres y mujeres. Los contenidos&hellip;<\/p>\n","protected":false},"author":5,"featured_media":2815,"comment_status":"closed","ping_status":"closed","sticky":false,"template":"","format":"standard","meta":{"footnotes":""},"categories":[2,15],"tags":[],"class_list":["post-2809","post","type-post","status-publish","format-standard","has-post-thumbnail","hentry","category-noticias","category-ultimos-cursos","category-2","category-15","description-off"],"_links":{"self":[{"href":"https:\/\/ena.cl\/index.php?rest_route=\/wp\/v2\/posts\/2809","targetHints":{"allow":["GET"]}}],"collection":[{"href":"https:\/\/ena.cl\/index.php?rest_route=\/wp\/v2\/posts"}],"about":[{"href":"https:\/\/ena.cl\/index.php?rest_route=\/wp\/v2\/types\/post"}],"author":[{"embeddable":true,"href":"https:\/\/ena.cl\/index.php?rest_route=\/wp\/v2\/users\/5"}],"replies":[{"embeddable":true,"href":"https:\/\/ena.cl\/index.php?rest_route=%2Fwp%2Fv2%2Fcomments&post=2809"}],"version-history":[{"count":3,"href":"https:\/\/ena.cl\/index.php?rest_route=\/wp\/v2\/posts\/2809\/revisions"}],"predecessor-version":[{"id":2817,"href":"https:\/\/ena.cl\/index.php?rest_route=\/wp\/v2\/posts\/2809\/revisions\/2817"}],"wp:featuredmedia":[{"embeddable":true,"href":"https:\/\/ena.cl\/index.php?rest_route=\/wp\/v2\/media\/2815"}],"wp:attachment":[{"href":"https:\/\/ena.cl\/index.php?rest_route=%2Fwp%2Fv2%2Fmedia&parent=2809"}],"wp:term":[{"taxonomy":"category","embeddable":true,"href":"https:\/\/ena.cl\/index.php?rest_route=%2Fwp%2Fv2%2Fcategories&post=2809"},{"taxonomy":"post_tag","embeddable":true,"href":"https:\/\/ena.cl\/index.php?rest_route=%2Fwp%2Fv2%2Ftags&post=2809"}],"curies":[{"name":"wp","href":"https:\/\/api.w.org\/{rel}","templated":true}]}}