{"id":2781,"date":"2019-10-08T19:39:14","date_gmt":"2019-10-08T19:39:14","guid":{"rendered":"https:\/\/ena.cl\/?p=2781"},"modified":"2019-11-07T21:04:35","modified_gmt":"2019-11-07T21:04:35","slug":"servicio-de-salud-arica-instruye-sobre-ley-de-asociaciones-de-funcionarios-e-instancias-de-participacion","status":"publish","type":"post","link":"https:\/\/ena.cl\/?p=2781","title":{"rendered":"Servicio de Salud Arica Instruye sobre Ley de Asociaciones de Funcionarios e Instancias de Participaci\u00f3n"},"content":{"rendered":"<p><a href=\"https:\/\/ena.cl\/wp-content\/uploads\/2019\/11\/IMG-20191018-WA0005.jpg\"><img loading=\"lazy\" decoding=\"async\" class=\"size-medium wp-image-2782 alignleft\" src=\"https:\/\/ena.cl\/wp-content\/uploads\/2019\/11\/IMG-20191018-WA0005-300x282.jpg\" alt=\"\" width=\"300\" height=\"282\" srcset=\"https:\/\/ena.cl\/wp-content\/uploads\/2019\/11\/IMG-20191018-WA0005-300x282.jpg 300w, https:\/\/ena.cl\/wp-content\/uploads\/2019\/11\/IMG-20191018-WA0005-600x565.jpg 600w, https:\/\/ena.cl\/wp-content\/uploads\/2019\/11\/IMG-20191018-WA0005-768x723.jpg 768w, https:\/\/ena.cl\/wp-content\/uploads\/2019\/11\/IMG-20191018-WA0005.jpg 880w\" sizes=\"auto, (max-width: 300px) 100vw, 300px\" \/><\/a>En Arica, los d\u00edas 7 y 8 de octubre, se efectu\u00f3 un curso de 21 horas pedag\u00f3gicas en el cual participaron directivos y profesionales del Servicio de Salud de Arica, bajo el nombre \u201cLey de Asociaciones de Funcionarios e Instancias de Participaci\u00f3n\u201d.<\/p>\n<p>La actividad tuvo por objetivo que los participantes pudiesen actualizar sus conocimientos y adquirir las destrezas necesarias para analizar cr\u00edticamente la organizaci\u00f3n y funciones de las Asociaciones de Funcionarios, as\u00ed como los diferentes temas y elementos que conforman el derecho colectivo del trabajo en la administraci\u00f3n p\u00fablica.<\/p>\n<p>Se revisaron conceptos de derechos colectivos y libertad sindical de los funcionarios p\u00fablicos. As\u00ed mismo, se revis\u00f3 la Ley 19.296 sobre asociaciones de funcionarios y las instancias de participaci\u00f3n conforme a las directrices de la Direcci\u00f3n Nacional del Servicio Civil.<\/p>\n<p>El curso incluy\u00f3 tambi\u00e9n el estudio de los deberes y derechos de los directores y afiliados de asociaciones gremiales y el derecho de sindicaci\u00f3n de los funcionarios p\u00fablicos y la imposibilidad de huelga y negociaci\u00f3n colectiva. Lo anterior, en torno a la revisi\u00f3n del marco normativo y la reflexi\u00f3n en torno a los procedimientos y recursos con los que cuentan las instituciones p\u00fablicas.<\/p>\n","protected":false},"excerpt":{"rendered":"<p>En Arica, los d\u00edas 7 y 8 de octubre, se efectu\u00f3 un curso de 21 horas pedag\u00f3gicas en el cual participaron directivos y profesionales del Servicio de Salud de Arica, bajo el nombre \u201cLey de Asociaciones de Funcionarios e Instancias de Participaci\u00f3n\u201d. La actividad tuvo por objetivo que los participantes pudiesen actualizar sus conocimientos y&hellip;<\/p>\n","protected":false},"author":5,"featured_media":2788,"comment_status":"closed","ping_status":"closed","sticky":false,"template":"","format":"standard","meta":{"footnotes":""},"categories":[2,15],"tags":[],"class_list":["post-2781","post","type-post","status-publish","format-standard","has-post-thumbnail","hentry","category-noticias","category-ultimos-cursos","category-2","category-15","description-off"],"_links":{"self":[{"href":"https:\/\/ena.cl\/index.php?rest_route=\/wp\/v2\/posts\/2781","targetHints":{"allow":["GET"]}}],"collection":[{"href":"https:\/\/ena.cl\/index.php?rest_route=\/wp\/v2\/posts"}],"about":[{"href":"https:\/\/ena.cl\/index.php?rest_route=\/wp\/v2\/types\/post"}],"author":[{"embeddable":true,"href":"https:\/\/ena.cl\/index.php?rest_route=\/wp\/v2\/users\/5"}],"replies":[{"embeddable":true,"href":"https:\/\/ena.cl\/index.php?rest_route=%2Fwp%2Fv2%2Fcomments&post=2781"}],"version-history":[{"count":1,"href":"https:\/\/ena.cl\/index.php?rest_route=\/wp\/v2\/posts\/2781\/revisions"}],"predecessor-version":[{"id":2783,"href":"https:\/\/ena.cl\/index.php?rest_route=\/wp\/v2\/posts\/2781\/revisions\/2783"}],"wp:featuredmedia":[{"embeddable":true,"href":"https:\/\/ena.cl\/index.php?rest_route=\/wp\/v2\/media\/2788"}],"wp:attachment":[{"href":"https:\/\/ena.cl\/index.php?rest_route=%2Fwp%2Fv2%2Fmedia&parent=2781"}],"wp:term":[{"taxonomy":"category","embeddable":true,"href":"https:\/\/ena.cl\/index.php?rest_route=%2Fwp%2Fv2%2Fcategories&post=2781"},{"taxonomy":"post_tag","embeddable":true,"href":"https:\/\/ena.cl\/index.php?rest_route=%2Fwp%2Fv2%2Ftags&post=2781"}],"curies":[{"name":"wp","href":"https:\/\/api.w.org\/{rel}","templated":true}]}}