{"id":2775,"date":"2019-10-07T19:30:37","date_gmt":"2019-10-07T19:30:37","guid":{"rendered":"https:\/\/ena.cl\/?p=2775"},"modified":"2019-11-08T12:50:40","modified_gmt":"2019-11-08T12:50:40","slug":"direccion-de-vialidad-de-coquimbo-refuerza-habilidades-de-redaccion-y-oratoria-para-sus-funcionarios","status":"publish","type":"post","link":"https:\/\/ena.cl\/?p=2775","title":{"rendered":"Direcci\u00f3n de Vialidad de Coquimbo refuerza habilidades de Comunicaci\u00f3n Oral y Escrita en sus funcionarios"},"content":{"rendered":"<p><a href=\"https:\/\/ena.cl\/wp-content\/uploads\/2019\/10\/Copia-WA0015.jpg\"><img loading=\"lazy\" decoding=\"async\" class=\"size-medium wp-image-2779 alignleft\" src=\"https:\/\/ena.cl\/wp-content\/uploads\/2019\/10\/Copia-WA0015-300x282.jpg\" alt=\"\" width=\"300\" height=\"282\" srcset=\"https:\/\/ena.cl\/wp-content\/uploads\/2019\/10\/Copia-WA0015-300x282.jpg 300w, https:\/\/ena.cl\/wp-content\/uploads\/2019\/10\/Copia-WA0015-600x564.jpg 600w, https:\/\/ena.cl\/wp-content\/uploads\/2019\/10\/Copia-WA0015-768x722.jpg 768w, https:\/\/ena.cl\/wp-content\/uploads\/2019\/10\/Copia-WA0015.jpg 959w\" sizes=\"auto, (max-width: 300px) 100vw, 300px\" \/><\/a>En La Serena, los d\u00edas 7 y 8 de octubre funcionarios de la Direcci\u00f3n Regional de Vialidad de Coquimbo, participaron de una actividad dirigida a desarrollar destrezas de comunicaci\u00f3n oral y escrita en una actividad denominada \u201cT\u00e9cnicas de Redacci\u00f3n y Oratoria\u201d.<\/p>\n<p>El curso tuvo por finalidad potenciar y estimular competencias asociadas al desarrollo de la comunicaci\u00f3n efectiva que permitan fortalecer la gesti\u00f3n del servicio, orientando a un trabajo de equipo eficaz y eficiente a trav\u00e9s de la participaci\u00f3n de t\u00e9cnicas de comunicaci\u00f3n corporal, verbal y escrita para una mejor interacci\u00f3n entre los integrantes de la organizaci\u00f3n.<\/p>\n<p>En la actividad se revisaron los aspectos esenciales de la comunicaci\u00f3n tanto verbal como no verbal, as\u00ed como reglas b\u00e1sicas de textualizaci\u00f3n, para favorecer la comunicaci\u00f3n escrita.<\/p>\n<p>De igual forma, se efectuaron actividades destinadas a favorecer la capacidad de oratoria para enfrentar diversos escenarios de interacci\u00f3n oral, ya sea con autoridades, instancias de participaci\u00f3n ciudadana o bien actividades propias del servicio en que se requiera de la interacci\u00f3n directa del funcionario.<\/p>\n<p>El curso efectuado en 16 horas cronol\u00f3gicas utiliz\u00f3 una metodolog\u00eda te\u00f3rico-pr\u00e1ctica, orientando al alumno a fortalecer habilidades para su adecuada aplicabilidad en el contexto laboral.<\/p>\n","protected":false},"excerpt":{"rendered":"<p>En La Serena, los d\u00edas 7 y 8 de octubre funcionarios de la Direcci\u00f3n Regional de Vialidad de Coquimbo, participaron de una actividad dirigida a desarrollar destrezas de comunicaci\u00f3n oral y escrita en una actividad denominada \u201cT\u00e9cnicas de Redacci\u00f3n y Oratoria\u201d. El curso tuvo por finalidad potenciar y estimular competencias asociadas al desarrollo de la&hellip;<\/p>\n","protected":false},"author":5,"featured_media":2789,"comment_status":"closed","ping_status":"closed","sticky":false,"template":"","format":"standard","meta":{"footnotes":""},"categories":[2,1,15],"tags":[],"class_list":["post-2775","post","type-post","status-publish","format-standard","has-post-thumbnail","hentry","category-noticias","category-sin-categoria","category-ultimos-cursos","category-2","category-1","category-15","description-off"],"_links":{"self":[{"href":"https:\/\/ena.cl\/index.php?rest_route=\/wp\/v2\/posts\/2775","targetHints":{"allow":["GET"]}}],"collection":[{"href":"https:\/\/ena.cl\/index.php?rest_route=\/wp\/v2\/posts"}],"about":[{"href":"https:\/\/ena.cl\/index.php?rest_route=\/wp\/v2\/types\/post"}],"author":[{"embeddable":true,"href":"https:\/\/ena.cl\/index.php?rest_route=\/wp\/v2\/users\/5"}],"replies":[{"embeddable":true,"href":"https:\/\/ena.cl\/index.php?rest_route=%2Fwp%2Fv2%2Fcomments&post=2775"}],"version-history":[{"count":4,"href":"https:\/\/ena.cl\/index.php?rest_route=\/wp\/v2\/posts\/2775\/revisions"}],"predecessor-version":[{"id":2778,"href":"https:\/\/ena.cl\/index.php?rest_route=\/wp\/v2\/posts\/2775\/revisions\/2778"}],"wp:featuredmedia":[{"embeddable":true,"href":"https:\/\/ena.cl\/index.php?rest_route=\/wp\/v2\/media\/2789"}],"wp:attachment":[{"href":"https:\/\/ena.cl\/index.php?rest_route=%2Fwp%2Fv2%2Fmedia&parent=2775"}],"wp:term":[{"taxonomy":"category","embeddable":true,"href":"https:\/\/ena.cl\/index.php?rest_route=%2Fwp%2Fv2%2Fcategories&post=2775"},{"taxonomy":"post_tag","embeddable":true,"href":"https:\/\/ena.cl\/index.php?rest_route=%2Fwp%2Fv2%2Ftags&post=2775"}],"curies":[{"name":"wp","href":"https:\/\/api.w.org\/{rel}","templated":true}]}}