{"id":2758,"date":"2019-10-04T20:15:55","date_gmt":"2019-10-04T20:15:55","guid":{"rendered":"https:\/\/ena.cl\/?p=2758"},"modified":"2019-10-11T20:22:28","modified_gmt":"2019-10-11T20:22:28","slug":"instituto-de-neurocirugia-se-perfecciona-en-el-proceso-de-calificaciones","status":"publish","type":"post","link":"https:\/\/ena.cl\/?p=2758","title":{"rendered":"Instituto de Neurocirug\u00eda se perfecciona en el Proceso de Calificaciones"},"content":{"rendered":"<p><a href=\"https:\/\/ena.cl\/wp-content\/uploads\/2019\/10\/IMG-20191004-WA0028.jpg\"><img loading=\"lazy\" decoding=\"async\" class=\"size-medium wp-image-2759 alignleft\" src=\"https:\/\/ena.cl\/wp-content\/uploads\/2019\/10\/IMG-20191004-WA0028-300x225.jpg\" alt=\"\" width=\"300\" height=\"225\" srcset=\"https:\/\/ena.cl\/wp-content\/uploads\/2019\/10\/IMG-20191004-WA0028-300x225.jpg 300w, https:\/\/ena.cl\/wp-content\/uploads\/2019\/10\/IMG-20191004-WA0028-600x450.jpg 600w, https:\/\/ena.cl\/wp-content\/uploads\/2019\/10\/IMG-20191004-WA0028-768x576.jpg 768w, https:\/\/ena.cl\/wp-content\/uploads\/2019\/10\/IMG-20191004-WA0028-1024x768.jpg 1024w, https:\/\/ena.cl\/wp-content\/uploads\/2019\/10\/IMG-20191004-WA0028-1200x900.jpg 1200w, https:\/\/ena.cl\/wp-content\/uploads\/2019\/10\/IMG-20191004-WA0028-400x300.jpg 400w, https:\/\/ena.cl\/wp-content\/uploads\/2019\/10\/IMG-20191004-WA0028.jpg 1280w\" sizes=\"auto, (max-width: 300px) 100vw, 300px\" \/><\/a>En Santiago, los d\u00edas 27 de septiembre y 4 de octubre se desarroll\u00f3 una actividad destinada a capacitar a funcionarias y funcionarios directamente vinculados con el \u201cProceso Calificatorio\u201d, pertenecientes al Instituto de Neurocirug\u00eda.<\/p>\n<p>El curso tuvo por finalidad abordar la Evaluaci\u00f3n del Desempe\u00f1o como Instrumento para la medici\u00f3n de la eficiencia con que los funcionarios llevan a cabo las actividades y responsabilidades de que sus puestos de trabajo les exigen.<\/p>\n<p>La actividad contempl\u00f3 un an\u00e1lisis riguroso de la principal jurisprudencia administrativa emanada de la Contralor\u00eda General de la Rep\u00fablica y se estructur\u00f3 en cuatro Unidades: \u201cOrganizaci\u00f3n y reglas b\u00e1sicas\u201d donde entre otros temas se abordaron las normas especiales incorporadas por la Ley de Autoridad Sanitaria; \u201cLa Precalificaci\u00f3n\u201d ocasi\u00f3n en la cual se revis\u00f3 con especial detalle la denominada Entrevista de Retroalimentaci\u00f3n; \u201cLa Calificaci\u00f3n\u201d donde se estudio en detalle la importancia del Acuerdo Fundado por parte de la Junta Calificatoria; e \u201cImpugnaci\u00f3n del Resultado de las Calificaciones\u201d donde se estudi\u00f3 la Apelaci\u00f3n al Director de la Instituci\u00f3n y la Reclamaci\u00f3n por Vicio de Legalidad a la Contralor\u00eda General de la Rep\u00fablica.<\/p>\n<p>Finalmente, el Curso tambi\u00e9n abord\u00f3 la importancia de las calificaciones para la carrera funcionaria, espec\u00edficamente como elemento constitutivo del mecanismo de promoci\u00f3n de profesionales, t\u00e9cnicos, administrativos y auxiliares, y los est\u00edmulos, como es el especial caso de la Asignaci\u00f3n de Est\u00edmulo al Desempe\u00f1o Funcionario dispuesto en la Ley 19.490.<\/p>\n","protected":false},"excerpt":{"rendered":"<p>En Santiago, los d\u00edas 27 de septiembre y 4 de octubre se desarroll\u00f3 una actividad destinada a capacitar a funcionarias y funcionarios directamente vinculados con el \u201cProceso Calificatorio\u201d, pertenecientes al Instituto de Neurocirug\u00eda. El curso tuvo por finalidad abordar la Evaluaci\u00f3n del Desempe\u00f1o como Instrumento para la medici\u00f3n de la eficiencia con que los funcionarios&hellip;<\/p>\n","protected":false},"author":5,"featured_media":2759,"comment_status":"closed","ping_status":"closed","sticky":false,"template":"","format":"standard","meta":{"footnotes":""},"categories":[2,15],"tags":[],"class_list":["post-2758","post","type-post","status-publish","format-standard","has-post-thumbnail","hentry","category-noticias","category-ultimos-cursos","category-2","category-15","description-off"],"_links":{"self":[{"href":"https:\/\/ena.cl\/index.php?rest_route=\/wp\/v2\/posts\/2758","targetHints":{"allow":["GET"]}}],"collection":[{"href":"https:\/\/ena.cl\/index.php?rest_route=\/wp\/v2\/posts"}],"about":[{"href":"https:\/\/ena.cl\/index.php?rest_route=\/wp\/v2\/types\/post"}],"author":[{"embeddable":true,"href":"https:\/\/ena.cl\/index.php?rest_route=\/wp\/v2\/users\/5"}],"replies":[{"embeddable":true,"href":"https:\/\/ena.cl\/index.php?rest_route=%2Fwp%2Fv2%2Fcomments&post=2758"}],"version-history":[{"count":3,"href":"https:\/\/ena.cl\/index.php?rest_route=\/wp\/v2\/posts\/2758\/revisions"}],"predecessor-version":[{"id":2762,"href":"https:\/\/ena.cl\/index.php?rest_route=\/wp\/v2\/posts\/2758\/revisions\/2762"}],"wp:featuredmedia":[{"embeddable":true,"href":"https:\/\/ena.cl\/index.php?rest_route=\/wp\/v2\/media\/2759"}],"wp:attachment":[{"href":"https:\/\/ena.cl\/index.php?rest_route=%2Fwp%2Fv2%2Fmedia&parent=2758"}],"wp:term":[{"taxonomy":"category","embeddable":true,"href":"https:\/\/ena.cl\/index.php?rest_route=%2Fwp%2Fv2%2Fcategories&post=2758"},{"taxonomy":"post_tag","embeddable":true,"href":"https:\/\/ena.cl\/index.php?rest_route=%2Fwp%2Fv2%2Ftags&post=2758"}],"curies":[{"name":"wp","href":"https:\/\/api.w.org\/{rel}","templated":true}]}}