{"id":2755,"date":"2019-10-01T20:13:17","date_gmt":"2019-10-01T20:13:17","guid":{"rendered":"https:\/\/ena.cl\/?p=2755"},"modified":"2019-10-11T20:14:56","modified_gmt":"2019-10-11T20:14:56","slug":"funcionarios-de-senda-se-capacitan-en-remuneraciones-y-asignaciones-del-sector-publico","status":"publish","type":"post","link":"https:\/\/ena.cl\/?p=2755","title":{"rendered":"Funcionarios de Senda se capacitan en Remuneraciones y Asignaciones del Sector P\u00fablico"},"content":{"rendered":"<p><a href=\"https:\/\/ena.cl\/wp-content\/uploads\/2019\/10\/IMG-20191001-WA0013.jpg\"><img loading=\"lazy\" decoding=\"async\" class=\"size-medium wp-image-2756 alignleft\" src=\"https:\/\/ena.cl\/wp-content\/uploads\/2019\/10\/IMG-20191001-WA0013-300x225.jpg\" alt=\"\" width=\"300\" height=\"225\" srcset=\"https:\/\/ena.cl\/wp-content\/uploads\/2019\/10\/IMG-20191001-WA0013-300x225.jpg 300w, https:\/\/ena.cl\/wp-content\/uploads\/2019\/10\/IMG-20191001-WA0013-600x450.jpg 600w, https:\/\/ena.cl\/wp-content\/uploads\/2019\/10\/IMG-20191001-WA0013-768x576.jpg 768w, https:\/\/ena.cl\/wp-content\/uploads\/2019\/10\/IMG-20191001-WA0013-1024x768.jpg 1024w, https:\/\/ena.cl\/wp-content\/uploads\/2019\/10\/IMG-20191001-WA0013-1200x900.jpg 1200w, https:\/\/ena.cl\/wp-content\/uploads\/2019\/10\/IMG-20191001-WA0013-400x300.jpg 400w, https:\/\/ena.cl\/wp-content\/uploads\/2019\/10\/IMG-20191001-WA0013.jpg 1280w\" sizes=\"auto, (max-width: 300px) 100vw, 300px\" \/><\/a>En Santiago desde el 3 de septiembre al 1 de octubre, en distintas sesiones, funcionarios del Servicio Nacional para la Prevenci\u00f3n y Rehabilitaci\u00f3n del Consumo de Drogas y Alcohol, SENDA, participaron en una actividad de capacitaci\u00f3n referente a las Remuneraciones y Asignaciones en el Sector P\u00fablico.<\/p>\n<p>La actividad se desarroll\u00f3 en diversas jornadas, en las cuales se utiliz\u00f3 una metodolog\u00eda te\u00f3rico-pr\u00e1ctica, en donde se realizaron actividades expositivas junto con ejercicios y talleres de ejercitaci\u00f3n pr\u00e1ctica con el fin de favorecer los aprendizajes de los participantes.<\/p>\n<p>El foco del curso estuvo que los participantes pudiesen conocer y comprender las diferentes asignaciones y remuneraciones en el sector p\u00fablico, su marco normativo, conceptos y principales caracter\u00edsticas que la componen, as\u00ed como tambi\u00e9n examinar la tabla de remuneraciones e impuestos, liquidaci\u00f3n de remuneraciones con todos sus c\u00e1lculos y descuentos legales, todo lo cual contribuye al mejor desarrollo de sus labores y de las competencias de las funcionarias y funcionarios p\u00fablicos.<\/p>\n","protected":false},"excerpt":{"rendered":"<p>En Santiago desde el 3 de septiembre al 1 de octubre, en distintas sesiones, funcionarios del Servicio Nacional para la Prevenci\u00f3n y Rehabilitaci\u00f3n del Consumo de Drogas y Alcohol, SENDA, participaron en una actividad de capacitaci\u00f3n referente a las Remuneraciones y Asignaciones en el Sector P\u00fablico. La actividad se desarroll\u00f3 en diversas jornadas, en las&hellip;<\/p>\n","protected":false},"author":5,"featured_media":2756,"comment_status":"closed","ping_status":"closed","sticky":false,"template":"","format":"standard","meta":{"footnotes":""},"categories":[2,15],"tags":[],"class_list":["post-2755","post","type-post","status-publish","format-standard","has-post-thumbnail","hentry","category-noticias","category-ultimos-cursos","category-2","category-15","description-off"],"_links":{"self":[{"href":"https:\/\/ena.cl\/index.php?rest_route=\/wp\/v2\/posts\/2755","targetHints":{"allow":["GET"]}}],"collection":[{"href":"https:\/\/ena.cl\/index.php?rest_route=\/wp\/v2\/posts"}],"about":[{"href":"https:\/\/ena.cl\/index.php?rest_route=\/wp\/v2\/types\/post"}],"author":[{"embeddable":true,"href":"https:\/\/ena.cl\/index.php?rest_route=\/wp\/v2\/users\/5"}],"replies":[{"embeddable":true,"href":"https:\/\/ena.cl\/index.php?rest_route=%2Fwp%2Fv2%2Fcomments&post=2755"}],"version-history":[{"count":1,"href":"https:\/\/ena.cl\/index.php?rest_route=\/wp\/v2\/posts\/2755\/revisions"}],"predecessor-version":[{"id":2757,"href":"https:\/\/ena.cl\/index.php?rest_route=\/wp\/v2\/posts\/2755\/revisions\/2757"}],"wp:featuredmedia":[{"embeddable":true,"href":"https:\/\/ena.cl\/index.php?rest_route=\/wp\/v2\/media\/2756"}],"wp:attachment":[{"href":"https:\/\/ena.cl\/index.php?rest_route=%2Fwp%2Fv2%2Fmedia&parent=2755"}],"wp:term":[{"taxonomy":"category","embeddable":true,"href":"https:\/\/ena.cl\/index.php?rest_route=%2Fwp%2Fv2%2Fcategories&post=2755"},{"taxonomy":"post_tag","embeddable":true,"href":"https:\/\/ena.cl\/index.php?rest_route=%2Fwp%2Fv2%2Ftags&post=2755"}],"curies":[{"name":"wp","href":"https:\/\/api.w.org\/{rel}","templated":true}]}}