{"id":2751,"date":"2019-09-26T20:09:38","date_gmt":"2019-09-26T20:09:38","guid":{"rendered":"https:\/\/ena.cl\/?p=2751"},"modified":"2019-10-11T20:11:57","modified_gmt":"2019-10-11T20:11:57","slug":"hospital-de-iquique-se-fortalece-en-tematicas-de-respeto-a-la-dignidad-y-no-discriminacion","status":"publish","type":"post","link":"https:\/\/ena.cl\/?p=2751","title":{"rendered":"Hospital de Iquique se fortalece en tem\u00e1ticas de Respeto a la Dignidad y No Discriminaci\u00f3n"},"content":{"rendered":"<p><a href=\"https:\/\/ena.cl\/wp-content\/uploads\/2019\/10\/IMG-20190926-WA0013.jpg\"><img loading=\"lazy\" decoding=\"async\" class=\"size-medium wp-image-2752 alignleft\" src=\"https:\/\/ena.cl\/wp-content\/uploads\/2019\/10\/IMG-20190926-WA0013-300x225.jpg\" alt=\"\" width=\"300\" height=\"225\" srcset=\"https:\/\/ena.cl\/wp-content\/uploads\/2019\/10\/IMG-20190926-WA0013-300x225.jpg 300w, https:\/\/ena.cl\/wp-content\/uploads\/2019\/10\/IMG-20190926-WA0013-600x450.jpg 600w, https:\/\/ena.cl\/wp-content\/uploads\/2019\/10\/IMG-20190926-WA0013-768x576.jpg 768w, https:\/\/ena.cl\/wp-content\/uploads\/2019\/10\/IMG-20190926-WA0013-1024x768.jpg 1024w, https:\/\/ena.cl\/wp-content\/uploads\/2019\/10\/IMG-20190926-WA0013-1200x900.jpg 1200w, https:\/\/ena.cl\/wp-content\/uploads\/2019\/10\/IMG-20190926-WA0013-400x300.jpg 400w, https:\/\/ena.cl\/wp-content\/uploads\/2019\/10\/IMG-20190926-WA0013.jpg 1280w\" sizes=\"auto, (max-width: 300px) 100vw, 300px\" \/><\/a>Los d\u00edas 25 y 26 de septiembre de 2019, en la ciudad de Iquique, funcionarios del Hospital Regional de Iquique Dr. Ernesto Torres Galdames, participaron en una actividad denominada \u201cRespeto a la Dignidad y No Discriminaci\u00f3n\u201d, dirigida a funcionarios de distintos estamentos de la instituci\u00f3n.<\/p>\n<p>El objetivo del curso fue que los alumnos pudiesen perfeccionar, actualizar y profundizar sus conocimientos en materia de la Dignidad de la persona y las principales caracter\u00edsticas de las Leyes 20.584, que regula los derechos y deberes de las personas en acciones vinculadas a su atenci\u00f3n en salud, y la Ley 20.609 o Ley Zamudio, que establece medidas contra la discriminaci\u00f3n y su aplicaci\u00f3n en salud, con el fin de prevenir conductas discriminatorias que atenten contra las personas y su dignidad. De igual forma, el foco estuvo centrado en favorecer el buen trato entre funcionarios y para con los usuarios.<\/p>\n<p>El curso fue una instancia destinada a favorecer la reflexi\u00f3n y el debate, mediante el an\u00e1lisis de casos, revisi\u00f3n de videos y de la jurisprudencia administrativa emanada de la contralor\u00eda general de la rep\u00fablica en las tem\u00e1ticas del curso.<\/p>\n","protected":false},"excerpt":{"rendered":"<p>Los d\u00edas 25 y 26 de septiembre de 2019, en la ciudad de Iquique, funcionarios del Hospital Regional de Iquique Dr. Ernesto Torres Galdames, participaron en una actividad denominada \u201cRespeto a la Dignidad y No Discriminaci\u00f3n\u201d, dirigida a funcionarios de distintos estamentos de la instituci\u00f3n. El objetivo del curso fue que los alumnos pudiesen perfeccionar,&hellip;<\/p>\n","protected":false},"author":5,"featured_media":2752,"comment_status":"closed","ping_status":"closed","sticky":false,"template":"","format":"standard","meta":{"footnotes":""},"categories":[2,15],"tags":[],"class_list":["post-2751","post","type-post","status-publish","format-standard","has-post-thumbnail","hentry","category-noticias","category-ultimos-cursos","category-2","category-15","description-off"],"_links":{"self":[{"href":"https:\/\/ena.cl\/index.php?rest_route=\/wp\/v2\/posts\/2751","targetHints":{"allow":["GET"]}}],"collection":[{"href":"https:\/\/ena.cl\/index.php?rest_route=\/wp\/v2\/posts"}],"about":[{"href":"https:\/\/ena.cl\/index.php?rest_route=\/wp\/v2\/types\/post"}],"author":[{"embeddable":true,"href":"https:\/\/ena.cl\/index.php?rest_route=\/wp\/v2\/users\/5"}],"replies":[{"embeddable":true,"href":"https:\/\/ena.cl\/index.php?rest_route=%2Fwp%2Fv2%2Fcomments&post=2751"}],"version-history":[{"count":1,"href":"https:\/\/ena.cl\/index.php?rest_route=\/wp\/v2\/posts\/2751\/revisions"}],"predecessor-version":[{"id":2753,"href":"https:\/\/ena.cl\/index.php?rest_route=\/wp\/v2\/posts\/2751\/revisions\/2753"}],"wp:featuredmedia":[{"embeddable":true,"href":"https:\/\/ena.cl\/index.php?rest_route=\/wp\/v2\/media\/2752"}],"wp:attachment":[{"href":"https:\/\/ena.cl\/index.php?rest_route=%2Fwp%2Fv2%2Fmedia&parent=2751"}],"wp:term":[{"taxonomy":"category","embeddable":true,"href":"https:\/\/ena.cl\/index.php?rest_route=%2Fwp%2Fv2%2Fcategories&post=2751"},{"taxonomy":"post_tag","embeddable":true,"href":"https:\/\/ena.cl\/index.php?rest_route=%2Fwp%2Fv2%2Ftags&post=2751"}],"curies":[{"name":"wp","href":"https:\/\/api.w.org\/{rel}","templated":true}]}}