{"id":2748,"date":"2019-09-03T20:04:34","date_gmt":"2019-09-03T20:04:34","guid":{"rendered":"https:\/\/ena.cl\/?p=2748"},"modified":"2019-10-11T20:26:28","modified_gmt":"2019-10-11T20:26:28","slug":"gobierno-regional-metropolitano-participa-en-actividad-de-igualdad-de-genero-y-buen-trato-laboral","status":"publish","type":"post","link":"https:\/\/ena.cl\/?p=2748","title":{"rendered":"Gobierno Regional Metropolitano participa en actividad para la Igualdad de G\u00e9nero y Buen Trato Laboral"},"content":{"rendered":"<p><a href=\"https:\/\/ena.cl\/wp-content\/uploads\/2019\/10\/IMG-20190903-WA0018.jpg\"><img loading=\"lazy\" decoding=\"async\" class=\"size-medium wp-image-2749 alignleft\" src=\"https:\/\/ena.cl\/wp-content\/uploads\/2019\/10\/IMG-20190903-WA0018-300x225.jpg\" alt=\"\" width=\"300\" height=\"225\" srcset=\"https:\/\/ena.cl\/wp-content\/uploads\/2019\/10\/IMG-20190903-WA0018-300x225.jpg 300w, https:\/\/ena.cl\/wp-content\/uploads\/2019\/10\/IMG-20190903-WA0018-600x450.jpg 600w, https:\/\/ena.cl\/wp-content\/uploads\/2019\/10\/IMG-20190903-WA0018-768x576.jpg 768w, https:\/\/ena.cl\/wp-content\/uploads\/2019\/10\/IMG-20190903-WA0018-1024x768.jpg 1024w, https:\/\/ena.cl\/wp-content\/uploads\/2019\/10\/IMG-20190903-WA0018-1200x900.jpg 1200w, https:\/\/ena.cl\/wp-content\/uploads\/2019\/10\/IMG-20190903-WA0018-400x300.jpg 400w, https:\/\/ena.cl\/wp-content\/uploads\/2019\/10\/IMG-20190903-WA0018.jpg 1280w\" sizes=\"auto, (max-width: 300px) 100vw, 300px\" \/><\/a>Los d\u00edas 2 y 3 de septiembre se realiz\u00f3 una actividad denominada \u201cIgualdad de G\u00e9nero y Buen Trato Laboral\u201d en la cual participaron 20 funcionarios de diversas unidades del Gobierno Regional Metropolitano de Santiago.<\/p>\n<p>La actividad tuvo por objetivo que los participantes pudiesen identificar conductas de buen trato, aplicando un an\u00e1lisis diferencial de g\u00e9nero y elaborar estrategias que contribuyan a la prevenci\u00f3n de situaciones de maltrato o de acoso al interior de la instituci\u00f3n.<\/p>\n<p>La actividad que se desarroll\u00f3 en dos medias jornadas de 4 horas cada una, cont\u00f3 una metodolog\u00eda participativa en que se combin\u00f3 la presentaci\u00f3n de los contenidos, con actividades pr\u00e1cticas, talleres grupales, revisi\u00f3n de videos y una actividad final, enmarcada en propiciar conductas de buen trato entre todos los funcionarios, teniendo como eje la perspectiva de g\u00e9nero.<\/p>\n","protected":false},"excerpt":{"rendered":"<p>Los d\u00edas 2 y 3 de septiembre se realiz\u00f3 una actividad denominada \u201cIgualdad de G\u00e9nero y Buen Trato Laboral\u201d en la cual participaron 20 funcionarios de diversas unidades del Gobierno Regional Metropolitano de Santiago. La actividad tuvo por objetivo que los participantes pudiesen identificar conductas de buen trato, aplicando un an\u00e1lisis diferencial de g\u00e9nero y&hellip;<\/p>\n","protected":false},"author":5,"featured_media":2749,"comment_status":"closed","ping_status":"closed","sticky":false,"template":"","format":"standard","meta":{"footnotes":""},"categories":[2,15],"tags":[],"class_list":["post-2748","post","type-post","status-publish","format-standard","has-post-thumbnail","hentry","category-noticias","category-ultimos-cursos","category-2","category-15","description-off"],"_links":{"self":[{"href":"https:\/\/ena.cl\/index.php?rest_route=\/wp\/v2\/posts\/2748","targetHints":{"allow":["GET"]}}],"collection":[{"href":"https:\/\/ena.cl\/index.php?rest_route=\/wp\/v2\/posts"}],"about":[{"href":"https:\/\/ena.cl\/index.php?rest_route=\/wp\/v2\/types\/post"}],"author":[{"embeddable":true,"href":"https:\/\/ena.cl\/index.php?rest_route=\/wp\/v2\/users\/5"}],"replies":[{"embeddable":true,"href":"https:\/\/ena.cl\/index.php?rest_route=%2Fwp%2Fv2%2Fcomments&post=2748"}],"version-history":[{"count":2,"href":"https:\/\/ena.cl\/index.php?rest_route=\/wp\/v2\/posts\/2748\/revisions"}],"predecessor-version":[{"id":2763,"href":"https:\/\/ena.cl\/index.php?rest_route=\/wp\/v2\/posts\/2748\/revisions\/2763"}],"wp:featuredmedia":[{"embeddable":true,"href":"https:\/\/ena.cl\/index.php?rest_route=\/wp\/v2\/media\/2749"}],"wp:attachment":[{"href":"https:\/\/ena.cl\/index.php?rest_route=%2Fwp%2Fv2%2Fmedia&parent=2748"}],"wp:term":[{"taxonomy":"category","embeddable":true,"href":"https:\/\/ena.cl\/index.php?rest_route=%2Fwp%2Fv2%2Fcategories&post=2748"},{"taxonomy":"post_tag","embeddable":true,"href":"https:\/\/ena.cl\/index.php?rest_route=%2Fwp%2Fv2%2Ftags&post=2748"}],"curies":[{"name":"wp","href":"https:\/\/api.w.org\/{rel}","templated":true}]}}