{"id":2721,"date":"2019-08-27T20:59:06","date_gmt":"2019-08-27T20:59:06","guid":{"rendered":"https:\/\/ena.cl\/?p=2721"},"modified":"2019-09-12T21:01:16","modified_gmt":"2019-09-12T21:01:16","slug":"supereduc-o-higgins-desarrolla-habilidades-para-la-redaccion-de-actas-informes-y-documentos-tecnicos","status":"publish","type":"post","link":"https:\/\/ena.cl\/?p=2721","title":{"rendered":"Supereduc O\u2019 Higgins Desarrolla Habilidades para la Redacci\u00f3n de Actas, Informes y Documentos T\u00e9cnicos"},"content":{"rendered":"<p><a href=\"https:\/\/ena.cl\/wp-content\/uploads\/2019\/09\/IMG-20190827-WA0007.jpg\"><img loading=\"lazy\" decoding=\"async\" class=\"size-medium wp-image-2723 alignleft\" src=\"https:\/\/ena.cl\/wp-content\/uploads\/2019\/09\/IMG-20190827-WA0007-300x225.jpg\" alt=\"\" width=\"300\" height=\"225\" srcset=\"https:\/\/ena.cl\/wp-content\/uploads\/2019\/09\/IMG-20190827-WA0007-300x225.jpg 300w, https:\/\/ena.cl\/wp-content\/uploads\/2019\/09\/IMG-20190827-WA0007-600x450.jpg 600w, https:\/\/ena.cl\/wp-content\/uploads\/2019\/09\/IMG-20190827-WA0007-768x576.jpg 768w, https:\/\/ena.cl\/wp-content\/uploads\/2019\/09\/IMG-20190827-WA0007-1024x768.jpg 1024w, https:\/\/ena.cl\/wp-content\/uploads\/2019\/09\/IMG-20190827-WA0007-1200x900.jpg 1200w, https:\/\/ena.cl\/wp-content\/uploads\/2019\/09\/IMG-20190827-WA0007-400x300.jpg 400w, https:\/\/ena.cl\/wp-content\/uploads\/2019\/09\/IMG-20190827-WA0007.jpg 1280w\" sizes=\"auto, (max-width: 300px) 100vw, 300px\" \/><\/a>En Rancagua, los d\u00edas 26 y 27 de agosto, se efectu\u00f3 un curso dirigido a funcionarios de la Superintendencia de Educaci\u00f3n de la Regi\u00f3n de O\u2019 Higgins.<\/p>\n<p>La finalidad de la actividad fue que los participantes pudiesen fortalecer sus competencias comunicacionales escritas, particularmente en la elaboraci\u00f3n de actas, informes y documentos t\u00e9cnicos. De esta forma, lograr identificar y aplicar los criterios necesarios para redactar textos claros, precisos y concisos, que respondan a la necesidad de fiscalizaci\u00f3n que cumplen las personas que trabajan en la Superintendencia de Educaci\u00f3n.<\/p>\n<p>Durante la actividad se efectuaron diversas actividades y ejercitaci\u00f3n pr\u00e1ctica tendiente a que los alumnos pudiesen conocer las caracter\u00edsticas y peculiaridades de los diversos formatos de textos que utilizan en su labor profesional; identificar los elementos necesarios para construcci\u00f3n de un texto efectivo y, por \u00faltimo, aplicar los criterios aprendidos para la adecuada redacci\u00f3n de los textos requeridos.<\/p>\n","protected":false},"excerpt":{"rendered":"<p>En Rancagua, los d\u00edas 26 y 27 de agosto, se efectu\u00f3 un curso dirigido a funcionarios de la Superintendencia de Educaci\u00f3n de la Regi\u00f3n de O\u2019 Higgins. La finalidad de la actividad fue que los participantes pudiesen fortalecer sus competencias comunicacionales escritas, particularmente en la elaboraci\u00f3n de actas, informes y documentos t\u00e9cnicos. De esta forma,&hellip;<\/p>\n","protected":false},"author":5,"featured_media":2723,"comment_status":"closed","ping_status":"closed","sticky":false,"template":"","format":"standard","meta":{"footnotes":""},"categories":[2,15],"tags":[],"class_list":["post-2721","post","type-post","status-publish","format-standard","has-post-thumbnail","hentry","category-noticias","category-ultimos-cursos","category-2","category-15","description-off"],"_links":{"self":[{"href":"https:\/\/ena.cl\/index.php?rest_route=\/wp\/v2\/posts\/2721","targetHints":{"allow":["GET"]}}],"collection":[{"href":"https:\/\/ena.cl\/index.php?rest_route=\/wp\/v2\/posts"}],"about":[{"href":"https:\/\/ena.cl\/index.php?rest_route=\/wp\/v2\/types\/post"}],"author":[{"embeddable":true,"href":"https:\/\/ena.cl\/index.php?rest_route=\/wp\/v2\/users\/5"}],"replies":[{"embeddable":true,"href":"https:\/\/ena.cl\/index.php?rest_route=%2Fwp%2Fv2%2Fcomments&post=2721"}],"version-history":[{"count":1,"href":"https:\/\/ena.cl\/index.php?rest_route=\/wp\/v2\/posts\/2721\/revisions"}],"predecessor-version":[{"id":2724,"href":"https:\/\/ena.cl\/index.php?rest_route=\/wp\/v2\/posts\/2721\/revisions\/2724"}],"wp:featuredmedia":[{"embeddable":true,"href":"https:\/\/ena.cl\/index.php?rest_route=\/wp\/v2\/media\/2723"}],"wp:attachment":[{"href":"https:\/\/ena.cl\/index.php?rest_route=%2Fwp%2Fv2%2Fmedia&parent=2721"}],"wp:term":[{"taxonomy":"category","embeddable":true,"href":"https:\/\/ena.cl\/index.php?rest_route=%2Fwp%2Fv2%2Fcategories&post=2721"},{"taxonomy":"post_tag","embeddable":true,"href":"https:\/\/ena.cl\/index.php?rest_route=%2Fwp%2Fv2%2Ftags&post=2721"}],"curies":[{"name":"wp","href":"https:\/\/api.w.org\/{rel}","templated":true}]}}