{"id":2718,"date":"2019-07-08T20:56:37","date_gmt":"2019-07-08T20:56:37","guid":{"rendered":"https:\/\/ena.cl\/?p=2718"},"modified":"2019-09-12T20:58:13","modified_gmt":"2019-09-12T20:58:13","slug":"agcid-fortalece-a-sus-jefaturas-en-destrezas-para-el-manejo-de-conflictos","status":"publish","type":"post","link":"https:\/\/ena.cl\/?p=2718","title":{"rendered":"AGCID Fortalece a sus Jefaturas en Destrezas para el Manejo de Conflictos"},"content":{"rendered":"<p><a href=\"https:\/\/ena.cl\/wp-content\/uploads\/2019\/09\/AGCID-3.jpg\"><img loading=\"lazy\" decoding=\"async\" class=\"size-medium wp-image-2719 alignleft\" src=\"https:\/\/ena.cl\/wp-content\/uploads\/2019\/09\/AGCID-3-300x225.jpg\" alt=\"\" width=\"300\" height=\"225\" srcset=\"https:\/\/ena.cl\/wp-content\/uploads\/2019\/09\/AGCID-3-300x225.jpg 300w, https:\/\/ena.cl\/wp-content\/uploads\/2019\/09\/AGCID-3-600x450.jpg 600w, https:\/\/ena.cl\/wp-content\/uploads\/2019\/09\/AGCID-3-768x576.jpg 768w, https:\/\/ena.cl\/wp-content\/uploads\/2019\/09\/AGCID-3-1024x768.jpg 1024w, https:\/\/ena.cl\/wp-content\/uploads\/2019\/09\/AGCID-3-1200x900.jpg 1200w, https:\/\/ena.cl\/wp-content\/uploads\/2019\/09\/AGCID-3-400x300.jpg 400w\" sizes=\"auto, (max-width: 300px) 100vw, 300px\" \/><\/a>En Santiago, los d\u00edas 30 de julio, 1, 2, 6 7 y 8 de julio en un total de 20 horas cronol\u00f3gicas, se desarroll\u00f3 una actividad sobre \u201cManejo de Conflictos\u201d dirigida a jefaturas de la Agencia Chilena de Cooperaci\u00f3n Internacional para el Desarrollo, AGCID.<\/p>\n<p>La actividad fue la instancia para que sus participantes pudiesen adquirir las competencias necesarias para identificar la importancia de la buena comunicaci\u00f3n y el adecuado manejo de conflictos entre los compa\u00f1eros de trabajo y las repercusiones para el clima laboral de la instituci\u00f3n.<\/p>\n<p>Durante las clases se desarrollaron diversos talleres de ejercitaci\u00f3n individual, din\u00e1micas grupales y an\u00e1lisis de casos, los que se combinaron con las clases expositivas que estimularon la participaci\u00f3n, el debate y el poder compartir experiencias personales entre los asistentes.<\/p>\n<p>Los ejes tem\u00e1ticos abordados fueron: el manejo de conflictos y los estilos de afrontamiento, la comunicaci\u00f3n en la interacci\u00f3n, manejo de las emociones, los conflictos en el \u00e1mbito laboral y el proceso de negociaci\u00f3n.<\/p>\n","protected":false},"excerpt":{"rendered":"<p>En Santiago, los d\u00edas 30 de julio, 1, 2, 6 7 y 8 de julio en un total de 20 horas cronol\u00f3gicas, se desarroll\u00f3 una actividad sobre \u201cManejo de Conflictos\u201d dirigida a jefaturas de la Agencia Chilena de Cooperaci\u00f3n Internacional para el Desarrollo, AGCID. La actividad fue la instancia para que sus participantes pudiesen adquirir&hellip;<\/p>\n","protected":false},"author":5,"featured_media":2719,"comment_status":"closed","ping_status":"closed","sticky":false,"template":"","format":"standard","meta":{"footnotes":""},"categories":[2,15],"tags":[],"class_list":["post-2718","post","type-post","status-publish","format-standard","has-post-thumbnail","hentry","category-noticias","category-ultimos-cursos","category-2","category-15","description-off"],"_links":{"self":[{"href":"https:\/\/ena.cl\/index.php?rest_route=\/wp\/v2\/posts\/2718","targetHints":{"allow":["GET"]}}],"collection":[{"href":"https:\/\/ena.cl\/index.php?rest_route=\/wp\/v2\/posts"}],"about":[{"href":"https:\/\/ena.cl\/index.php?rest_route=\/wp\/v2\/types\/post"}],"author":[{"embeddable":true,"href":"https:\/\/ena.cl\/index.php?rest_route=\/wp\/v2\/users\/5"}],"replies":[{"embeddable":true,"href":"https:\/\/ena.cl\/index.php?rest_route=%2Fwp%2Fv2%2Fcomments&post=2718"}],"version-history":[{"count":1,"href":"https:\/\/ena.cl\/index.php?rest_route=\/wp\/v2\/posts\/2718\/revisions"}],"predecessor-version":[{"id":2720,"href":"https:\/\/ena.cl\/index.php?rest_route=\/wp\/v2\/posts\/2718\/revisions\/2720"}],"wp:featuredmedia":[{"embeddable":true,"href":"https:\/\/ena.cl\/index.php?rest_route=\/wp\/v2\/media\/2719"}],"wp:attachment":[{"href":"https:\/\/ena.cl\/index.php?rest_route=%2Fwp%2Fv2%2Fmedia&parent=2718"}],"wp:term":[{"taxonomy":"category","embeddable":true,"href":"https:\/\/ena.cl\/index.php?rest_route=%2Fwp%2Fv2%2Fcategories&post=2718"},{"taxonomy":"post_tag","embeddable":true,"href":"https:\/\/ena.cl\/index.php?rest_route=%2Fwp%2Fv2%2Ftags&post=2718"}],"curies":[{"name":"wp","href":"https:\/\/api.w.org\/{rel}","templated":true}]}}