{"id":2715,"date":"2019-07-23T20:54:17","date_gmt":"2019-07-23T20:54:17","guid":{"rendered":"https:\/\/ena.cl\/?p=2715"},"modified":"2019-09-12T20:55:30","modified_gmt":"2019-09-12T20:55:30","slug":"funcionarios-de-la-seremi-de-educacion-de-rancagua-se-perfeccionan-en-gestion-de-procesos","status":"publish","type":"post","link":"https:\/\/ena.cl\/?p=2715","title":{"rendered":"Funcionarios de la Seremi de Educaci\u00f3n de Rancagua se Perfeccionan en Gesti\u00f3n de Procesos"},"content":{"rendered":"<p><a href=\"https:\/\/ena.cl\/wp-content\/uploads\/2019\/09\/unnamed-4.jpg\"><img loading=\"lazy\" decoding=\"async\" class=\"size-medium wp-image-2716 alignleft\" src=\"https:\/\/ena.cl\/wp-content\/uploads\/2019\/09\/unnamed-4-300x225.jpg\" alt=\"\" width=\"300\" height=\"225\" srcset=\"https:\/\/ena.cl\/wp-content\/uploads\/2019\/09\/unnamed-4-300x225.jpg 300w, https:\/\/ena.cl\/wp-content\/uploads\/2019\/09\/unnamed-4-600x450.jpg 600w, https:\/\/ena.cl\/wp-content\/uploads\/2019\/09\/unnamed-4-768x576.jpg 768w, https:\/\/ena.cl\/wp-content\/uploads\/2019\/09\/unnamed-4-400x300.jpg 400w, https:\/\/ena.cl\/wp-content\/uploads\/2019\/09\/unnamed-4.jpg 1000w\" sizes=\"auto, (max-width: 300px) 100vw, 300px\" \/><\/a>En Rancagua, los d\u00edas 25 de junio, 2 y 23 de Julio, se desarrollaron 3 sesiones de capacitaci\u00f3n de una actividad sobre \u201cGesti\u00f3n de Procesos\u201d en la cual participaron 21 funcionarios pertenecientes a la Seremi de Educaci\u00f3n de la Regi\u00f3n de O\u2019Higgins.<\/p>\n<p>El curso tuvo por objetivo que los participantes pudiesen potenciar su capacidad de planificar, gestionar y controlar lo procesos organizacionales, permiti\u00e9ndoles responder a los requerimientos propios de la Gesti\u00f3n Institucional, estableciendo mejoras en el dise\u00f1o de planes y control de gesti\u00f3n que exige la normativa institucional.<\/p>\n<p>Mediante diversas actividades tanto expositivas, pero fundamentalmente pr\u00e1cticas, se abordaron tem\u00e1ticas de planificaci\u00f3n, control de procesos internos con alineaci\u00f3n a la estrategia institucional, implicancias de la gesti\u00f3n de procesos educacionales, dificultades y obst\u00e1culos en el cumplimiento de objetivos, mejora continua en los procesos educacionales, cadena de valor en la gesti\u00f3n educacional, y finalmente, el impacto de la mejora continua e indicadores de medici\u00f3n.<\/p>\n<p>Cada una de las sesiones, estuvo marcada por la realizaci\u00f3n de talleres grupales, con el fin de favorecer la internalizaci\u00f3n de los contenidos mediante el dise\u00f1o y aplicaci\u00f3n de ejercicios pr\u00e1cticos.<\/p>\n","protected":false},"excerpt":{"rendered":"<p>En Rancagua, los d\u00edas 25 de junio, 2 y 23 de Julio, se desarrollaron 3 sesiones de capacitaci\u00f3n de una actividad sobre \u201cGesti\u00f3n de Procesos\u201d en la cual participaron 21 funcionarios pertenecientes a la Seremi de Educaci\u00f3n de la Regi\u00f3n de O\u2019Higgins. El curso tuvo por objetivo que los participantes pudiesen potenciar su capacidad de&hellip;<\/p>\n","protected":false},"author":5,"featured_media":2716,"comment_status":"closed","ping_status":"closed","sticky":false,"template":"","format":"standard","meta":{"footnotes":""},"categories":[2,15],"tags":[],"class_list":["post-2715","post","type-post","status-publish","format-standard","has-post-thumbnail","hentry","category-noticias","category-ultimos-cursos","category-2","category-15","description-off"],"_links":{"self":[{"href":"https:\/\/ena.cl\/index.php?rest_route=\/wp\/v2\/posts\/2715","targetHints":{"allow":["GET"]}}],"collection":[{"href":"https:\/\/ena.cl\/index.php?rest_route=\/wp\/v2\/posts"}],"about":[{"href":"https:\/\/ena.cl\/index.php?rest_route=\/wp\/v2\/types\/post"}],"author":[{"embeddable":true,"href":"https:\/\/ena.cl\/index.php?rest_route=\/wp\/v2\/users\/5"}],"replies":[{"embeddable":true,"href":"https:\/\/ena.cl\/index.php?rest_route=%2Fwp%2Fv2%2Fcomments&post=2715"}],"version-history":[{"count":1,"href":"https:\/\/ena.cl\/index.php?rest_route=\/wp\/v2\/posts\/2715\/revisions"}],"predecessor-version":[{"id":2717,"href":"https:\/\/ena.cl\/index.php?rest_route=\/wp\/v2\/posts\/2715\/revisions\/2717"}],"wp:featuredmedia":[{"embeddable":true,"href":"https:\/\/ena.cl\/index.php?rest_route=\/wp\/v2\/media\/2716"}],"wp:attachment":[{"href":"https:\/\/ena.cl\/index.php?rest_route=%2Fwp%2Fv2%2Fmedia&parent=2715"}],"wp:term":[{"taxonomy":"category","embeddable":true,"href":"https:\/\/ena.cl\/index.php?rest_route=%2Fwp%2Fv2%2Fcategories&post=2715"},{"taxonomy":"post_tag","embeddable":true,"href":"https:\/\/ena.cl\/index.php?rest_route=%2Fwp%2Fv2%2Ftags&post=2715"}],"curies":[{"name":"wp","href":"https:\/\/api.w.org\/{rel}","templated":true}]}}