{"id":2706,"date":"2019-06-28T20:39:32","date_gmt":"2019-06-28T20:39:32","guid":{"rendered":"https:\/\/ena.cl\/?p=2706"},"modified":"2019-09-12T20:47:33","modified_gmt":"2019-09-12T20:47:33","slug":"gore-metropolitano-se-instruye-en-enfoque-de-genero-en-el-ambito-laboral","status":"publish","type":"post","link":"https:\/\/ena.cl\/?p=2706","title":{"rendered":"Gore Metropolitano se Instruye en Enfoque de G\u00e9nero en el \u00c1mbito Laboral"},"content":{"rendered":"<p><a href=\"https:\/\/ena.cl\/wp-content\/uploads\/2019\/09\/IMG-20190704-WA0002.jpg\"><img loading=\"lazy\" decoding=\"async\" class=\"size-medium wp-image-2707 alignleft\" src=\"https:\/\/ena.cl\/wp-content\/uploads\/2019\/09\/IMG-20190704-WA0002-300x225.jpg\" alt=\"\" width=\"300\" height=\"225\" srcset=\"https:\/\/ena.cl\/wp-content\/uploads\/2019\/09\/IMG-20190704-WA0002-300x225.jpg 300w, https:\/\/ena.cl\/wp-content\/uploads\/2019\/09\/IMG-20190704-WA0002-600x450.jpg 600w, https:\/\/ena.cl\/wp-content\/uploads\/2019\/09\/IMG-20190704-WA0002-768x576.jpg 768w, https:\/\/ena.cl\/wp-content\/uploads\/2019\/09\/IMG-20190704-WA0002-1024x768.jpg 1024w, https:\/\/ena.cl\/wp-content\/uploads\/2019\/09\/IMG-20190704-WA0002-1200x900.jpg 1200w, https:\/\/ena.cl\/wp-content\/uploads\/2019\/09\/IMG-20190704-WA0002-400x300.jpg 400w, https:\/\/ena.cl\/wp-content\/uploads\/2019\/09\/IMG-20190704-WA0002.jpg 1280w\" sizes=\"auto, (max-width: 300px) 100vw, 300px\" \/><\/a>En Santiago, los d\u00edas 20, 21 y 28 de junio se llev\u00f3 a cabo una actividad denominada \u201cEnfoque de G\u00e9nero en el \u00c1mbito del trabajo\u201d dirigida a Jefaturas del Gobierno Regional Metropolitano de Santiago.<\/p>\n<p>La actividad se llev\u00f3 a cabo en tres medias jornadas y tuvo por objetivo que los participantes pudiesen conocer las obligaciones que, como organismos del Estado, tienen en relaci\u00f3n con la disminuci\u00f3n de las inequidades de g\u00e9nero y, por tanto, adquieran conocimientos respecto de la perspectiva de g\u00e9nero y del an\u00e1lisis diferencial de g\u00e9nero en relaci\u00f3n al trabajo que realizan.<\/p>\n<p>El curso fue la oportunidad de revisar los instrumentos vigentes del Estado de Chile y el Gobierno Regional metropolitano, identificando la presencia o ausencia de indicadores de g\u00e9nero y relacionar los conceptos de an\u00e1lisis diferencial de g\u00e9nero, incluyendo las indicaciones existentes entregadas por los organismos reguladores como por ejemplo el servicio civil o chile compra.<\/p>\n","protected":false},"excerpt":{"rendered":"<p>En Santiago, los d\u00edas 20, 21 y 28 de junio se llev\u00f3 a cabo una actividad denominada \u201cEnfoque de G\u00e9nero en el \u00c1mbito del trabajo\u201d dirigida a Jefaturas del Gobierno Regional Metropolitano de Santiago. La actividad se llev\u00f3 a cabo en tres medias jornadas y tuvo por objetivo que los participantes pudiesen conocer las obligaciones&hellip;<\/p>\n","protected":false},"author":5,"featured_media":2707,"comment_status":"closed","ping_status":"closed","sticky":false,"template":"","format":"standard","meta":{"footnotes":""},"categories":[2,15],"tags":[],"class_list":["post-2706","post","type-post","status-publish","format-standard","has-post-thumbnail","hentry","category-noticias","category-ultimos-cursos","category-2","category-15","description-off"],"_links":{"self":[{"href":"https:\/\/ena.cl\/index.php?rest_route=\/wp\/v2\/posts\/2706","targetHints":{"allow":["GET"]}}],"collection":[{"href":"https:\/\/ena.cl\/index.php?rest_route=\/wp\/v2\/posts"}],"about":[{"href":"https:\/\/ena.cl\/index.php?rest_route=\/wp\/v2\/types\/post"}],"author":[{"embeddable":true,"href":"https:\/\/ena.cl\/index.php?rest_route=\/wp\/v2\/users\/5"}],"replies":[{"embeddable":true,"href":"https:\/\/ena.cl\/index.php?rest_route=%2Fwp%2Fv2%2Fcomments&post=2706"}],"version-history":[{"count":1,"href":"https:\/\/ena.cl\/index.php?rest_route=\/wp\/v2\/posts\/2706\/revisions"}],"predecessor-version":[{"id":2708,"href":"https:\/\/ena.cl\/index.php?rest_route=\/wp\/v2\/posts\/2706\/revisions\/2708"}],"wp:featuredmedia":[{"embeddable":true,"href":"https:\/\/ena.cl\/index.php?rest_route=\/wp\/v2\/media\/2707"}],"wp:attachment":[{"href":"https:\/\/ena.cl\/index.php?rest_route=%2Fwp%2Fv2%2Fmedia&parent=2706"}],"wp:term":[{"taxonomy":"category","embeddable":true,"href":"https:\/\/ena.cl\/index.php?rest_route=%2Fwp%2Fv2%2Fcategories&post=2706"},{"taxonomy":"post_tag","embeddable":true,"href":"https:\/\/ena.cl\/index.php?rest_route=%2Fwp%2Fv2%2Ftags&post=2706"}],"curies":[{"name":"wp","href":"https:\/\/api.w.org\/{rel}","templated":true}]}}