{"id":2703,"date":"2019-06-20T20:32:51","date_gmt":"2019-06-20T20:32:51","guid":{"rendered":"https:\/\/ena.cl\/?p=2703"},"modified":"2019-09-13T13:14:32","modified_gmt":"2019-09-13T13:14:32","slug":"cesfam-de-la-municipalidad-de-maipu-se-capacitan-en-comunicacion-efectiva","status":"publish","type":"post","link":"https:\/\/ena.cl\/?p=2703","title":{"rendered":"Cesfam de la Municipalidad de Maip\u00fa se Capacitan en Comunicaci\u00f3n Efectiva"},"content":{"rendered":"<p><a href=\"https:\/\/ena.cl\/wp-content\/uploads\/2019\/06\/IMG_4644.jpg\"><img loading=\"lazy\" decoding=\"async\" class=\"size-medium wp-image-2735 alignleft\" src=\"https:\/\/ena.cl\/wp-content\/uploads\/2019\/06\/IMG_4644-300x232.jpg\" alt=\"\" width=\"300\" height=\"232\" srcset=\"https:\/\/ena.cl\/wp-content\/uploads\/2019\/06\/IMG_4644-300x232.jpg 300w, https:\/\/ena.cl\/wp-content\/uploads\/2019\/06\/IMG_4644-scaled-600x464.jpg 600w, https:\/\/ena.cl\/wp-content\/uploads\/2019\/06\/IMG_4644-768x594.jpg 768w, https:\/\/ena.cl\/wp-content\/uploads\/2019\/06\/IMG_4644-1024x793.jpg 1024w\" sizes=\"auto, (max-width: 300px) 100vw, 300px\" \/><\/a>En Santiago, los d\u00edas 19 y 20 de junio funcionarios pertenecientes a los Equipos de Salud de los Centros de Salud Familiar de la comuna de Maip\u00fa, as\u00ed como la DISAM, participaron en una actividad de capacitaci\u00f3n destinada a fortalecer habilidades de \u201cComunicaci\u00f3n Efectiva\u201d.<\/p>\n<p>De esta forma, mediante la entrega de conocimientos y el desarrollo de actividades pr\u00e1cticas, los participantes pudieron identificar los elementos b\u00e1sicos del proceso de comunicaci\u00f3n, conocer los tipos de comunicaci\u00f3n y las barreras existentes para lograr comunicaci\u00f3n efectiva.<\/p>\n<p>Durante el curso, se generaron espacios para comprender los beneficios de una buena comunicaci\u00f3n y desarrollar destrezas para comunicarse en distintos \u00e1mbitos, as\u00ed como en situaciones de conflicto.<\/p>\n<p>Se efectuaron, entre otras cosas, talleres y ejercitaci\u00f3n para tener presente la corporalidad, y la emocionalidad en los procesos comunicativos.<\/p>\n","protected":false},"excerpt":{"rendered":"<p>En Santiago, los d\u00edas 19 y 20 de junio funcionarios pertenecientes a los Equipos de Salud de los Centros de Salud Familiar de la comuna de Maip\u00fa, as\u00ed como la DISAM, participaron en una actividad de capacitaci\u00f3n destinada a fortalecer habilidades de \u201cComunicaci\u00f3n Efectiva\u201d. De esta forma, mediante la entrega de conocimientos y el desarrollo&hellip;<\/p>\n","protected":false},"author":5,"featured_media":2735,"comment_status":"closed","ping_status":"closed","sticky":false,"template":"","format":"standard","meta":{"footnotes":""},"categories":[2,15],"tags":[],"class_list":["post-2703","post","type-post","status-publish","format-standard","has-post-thumbnail","hentry","category-noticias","category-ultimos-cursos","category-2","category-15","description-off"],"_links":{"self":[{"href":"https:\/\/ena.cl\/index.php?rest_route=\/wp\/v2\/posts\/2703","targetHints":{"allow":["GET"]}}],"collection":[{"href":"https:\/\/ena.cl\/index.php?rest_route=\/wp\/v2\/posts"}],"about":[{"href":"https:\/\/ena.cl\/index.php?rest_route=\/wp\/v2\/types\/post"}],"author":[{"embeddable":true,"href":"https:\/\/ena.cl\/index.php?rest_route=\/wp\/v2\/users\/5"}],"replies":[{"embeddable":true,"href":"https:\/\/ena.cl\/index.php?rest_route=%2Fwp%2Fv2%2Fcomments&post=2703"}],"version-history":[{"count":5,"href":"https:\/\/ena.cl\/index.php?rest_route=\/wp\/v2\/posts\/2703\/revisions"}],"predecessor-version":[{"id":2736,"href":"https:\/\/ena.cl\/index.php?rest_route=\/wp\/v2\/posts\/2703\/revisions\/2736"}],"wp:featuredmedia":[{"embeddable":true,"href":"https:\/\/ena.cl\/index.php?rest_route=\/wp\/v2\/media\/2735"}],"wp:attachment":[{"href":"https:\/\/ena.cl\/index.php?rest_route=%2Fwp%2Fv2%2Fmedia&parent=2703"}],"wp:term":[{"taxonomy":"category","embeddable":true,"href":"https:\/\/ena.cl\/index.php?rest_route=%2Fwp%2Fv2%2Fcategories&post=2703"},{"taxonomy":"post_tag","embeddable":true,"href":"https:\/\/ena.cl\/index.php?rest_route=%2Fwp%2Fv2%2Ftags&post=2703"}],"curies":[{"name":"wp","href":"https:\/\/api.w.org\/{rel}","templated":true}]}}