{"id":2680,"date":"2019-05-06T20:05:33","date_gmt":"2019-05-06T20:05:33","guid":{"rendered":"https:\/\/ena.cl\/?p=2680"},"modified":"2019-05-24T20:07:51","modified_gmt":"2019-05-24T20:07:51","slug":"gore-aysen-se-instruye-en-el-desempeno-individual-y-proceso-de-calificaciones","status":"publish","type":"post","link":"https:\/\/ena.cl\/?p=2680","title":{"rendered":"Gore Ays\u00e9n se instruye en el Desempe\u00f1o Individual y Proceso de Calificaciones"},"content":{"rendered":"<p><span lang=\"ES-TRAD\"><a href=\"https:\/\/ena.cl\/wp-content\/uploads\/2019\/05\/Gore-Ays\u00e9n.jpg\"><img loading=\"lazy\" decoding=\"async\" class=\"size-medium wp-image-2681 alignleft\" src=\"https:\/\/ena.cl\/wp-content\/uploads\/2019\/05\/Gore-Ays\u00e9n-300x225.jpg\" alt=\"\" width=\"300\" height=\"225\" srcset=\"https:\/\/ena.cl\/wp-content\/uploads\/2019\/05\/Gore-Ays\u00e9n-300x225.jpg 300w, https:\/\/ena.cl\/wp-content\/uploads\/2019\/05\/Gore-Ays\u00e9n-600x450.jpg 600w, https:\/\/ena.cl\/wp-content\/uploads\/2019\/05\/Gore-Ays\u00e9n-768x576.jpg 768w, https:\/\/ena.cl\/wp-content\/uploads\/2019\/05\/Gore-Ays\u00e9n-1024x768.jpg 1024w, https:\/\/ena.cl\/wp-content\/uploads\/2019\/05\/Gore-Ays\u00e9n-1200x900.jpg 1200w, https:\/\/ena.cl\/wp-content\/uploads\/2019\/05\/Gore-Ays\u00e9n-400x300.jpg 400w, https:\/\/ena.cl\/wp-content\/uploads\/2019\/05\/Gore-Ays\u00e9n.jpg 1280w\" sizes=\"auto, (max-width: 300px) 100vw, 300px\" \/><\/a>En la ciudad de Coyhaique el pasado 6 y 7 de mayo 2019 se realiz\u00f3 una actividad de capacitaci\u00f3n denominada <b>\u201cDesempe\u00f1o Individual y Proceso de Calificaciones\u201d<\/b>la cual estuvo dirigida a 30 funcionarios del <b>Gobierno Regional de Ays\u00e9n<\/b>. <\/span><\/p>\n<p><span lang=\"ES-TRAD\">La actividad tuvo por finalidad abordar la Evaluaci\u00f3n del Desempe\u00f1o como Instrumento para la medici\u00f3n de la eficiencia con que los funcionarios llevan a cabo las actividades y responsabilidades que sus puestos de trabajo les exigen.<\/span><\/p>\n<p><span lang=\"ES-TRAD\">El curso se presento en diferentes unidades de estudio las cuales se distribuyeron conforme al orden del sistema calificatorio: 1) Contexto y normativa 2) Objeto de la evaluaci\u00f3n del desempe\u00f1o, 3) Metodolog\u00eda de evaluaci\u00f3n del desempe\u00f1o, 4) Efectos de las calificaciones, 5) Efectos en las calificaciones, 6) La evaluaci\u00f3n del desempe\u00f1o y la gesti\u00f3n por competencias y 7) Jurisprudencia administrativa.<\/span><\/p>\n<p><span lang=\"ES-TRAD\">La metodolog\u00eda incluyo una modalidad presencial con exposici\u00f3n de los contenidos, la utilizaci\u00f3n de ejemplos y casos pr\u00e1cticos para fomentar el an\u00e1lisis y la realizaci\u00f3n de talleres de trabajo enfocados en la realidad de la instituci\u00f3n capacitada.<\/span><\/p>\n","protected":false},"excerpt":{"rendered":"<p>En la ciudad de Coyhaique el pasado 6 y 7 de mayo 2019 se realiz\u00f3 una actividad de capacitaci\u00f3n denominada \u201cDesempe\u00f1o Individual y Proceso de Calificaciones\u201dla cual estuvo dirigida a 30 funcionarios del Gobierno Regional de Ays\u00e9n. La actividad tuvo por finalidad abordar la Evaluaci\u00f3n del Desempe\u00f1o como Instrumento para la medici\u00f3n de la eficiencia&hellip;<\/p>\n","protected":false},"author":5,"featured_media":2681,"comment_status":"closed","ping_status":"closed","sticky":false,"template":"","format":"standard","meta":{"footnotes":""},"categories":[2,1,15],"tags":[],"class_list":["post-2680","post","type-post","status-publish","format-standard","has-post-thumbnail","hentry","category-noticias","category-sin-categoria","category-ultimos-cursos","category-2","category-1","category-15","description-off"],"_links":{"self":[{"href":"https:\/\/ena.cl\/index.php?rest_route=\/wp\/v2\/posts\/2680","targetHints":{"allow":["GET"]}}],"collection":[{"href":"https:\/\/ena.cl\/index.php?rest_route=\/wp\/v2\/posts"}],"about":[{"href":"https:\/\/ena.cl\/index.php?rest_route=\/wp\/v2\/types\/post"}],"author":[{"embeddable":true,"href":"https:\/\/ena.cl\/index.php?rest_route=\/wp\/v2\/users\/5"}],"replies":[{"embeddable":true,"href":"https:\/\/ena.cl\/index.php?rest_route=%2Fwp%2Fv2%2Fcomments&post=2680"}],"version-history":[{"count":1,"href":"https:\/\/ena.cl\/index.php?rest_route=\/wp\/v2\/posts\/2680\/revisions"}],"predecessor-version":[{"id":2683,"href":"https:\/\/ena.cl\/index.php?rest_route=\/wp\/v2\/posts\/2680\/revisions\/2683"}],"wp:featuredmedia":[{"embeddable":true,"href":"https:\/\/ena.cl\/index.php?rest_route=\/wp\/v2\/media\/2681"}],"wp:attachment":[{"href":"https:\/\/ena.cl\/index.php?rest_route=%2Fwp%2Fv2%2Fmedia&parent=2680"}],"wp:term":[{"taxonomy":"category","embeddable":true,"href":"https:\/\/ena.cl\/index.php?rest_route=%2Fwp%2Fv2%2Fcategories&post=2680"},{"taxonomy":"post_tag","embeddable":true,"href":"https:\/\/ena.cl\/index.php?rest_route=%2Fwp%2Fv2%2Ftags&post=2680"}],"curies":[{"name":"wp","href":"https:\/\/api.w.org\/{rel}","templated":true}]}}