{"id":2667,"date":"2019-05-22T16:10:54","date_gmt":"2019-05-22T16:10:54","guid":{"rendered":"https:\/\/ena.cl\/hospital-de-tocopilla-se-instruye-en-tematicas-de-acoso-laboral-y-sexual-copy\/"},"modified":"2019-06-02T16:56:57","modified_gmt":"2019-06-02T16:56:57","slug":"seremi-de-salud-region-metropolitana-capacita-en-prevencion-del-maltrato-acoso-laboral-y-acoso-sexual","status":"publish","type":"post","link":"https:\/\/ena.cl\/?p=2667","title":{"rendered":"Seremi de Salud Regi\u00f3n Metropolitana capacita en Prevenci\u00f3n del Maltrato, Acoso Laboral y Acoso Sexual"},"content":{"rendered":"<p><a href=\"https:\/\/ena.cl\/wp-content\/uploads\/2019\/05\/Acoso-Seremi-Salud.jpg\"><img loading=\"lazy\" decoding=\"async\" class=\"size-medium wp-image-2669 alignleft\" src=\"https:\/\/ena.cl\/wp-content\/uploads\/2019\/05\/Acoso-Seremi-Salud-300x180.jpg\" alt=\"\" width=\"300\" height=\"180\" srcset=\"https:\/\/ena.cl\/wp-content\/uploads\/2019\/05\/Acoso-Seremi-Salud-300x180.jpg 300w, https:\/\/ena.cl\/wp-content\/uploads\/2019\/05\/Acoso-Seremi-Salud-600x360.jpg 600w, https:\/\/ena.cl\/wp-content\/uploads\/2019\/05\/Acoso-Seremi-Salud-768x461.jpg 768w, https:\/\/ena.cl\/wp-content\/uploads\/2019\/05\/Acoso-Seremi-Salud-1024x614.jpg 1024w\" sizes=\"auto, (max-width: 300px) 100vw, 300px\" \/><\/a>En Santiago, entre los d\u00edas 7 y 22 de mayo, se efectu\u00f3 una actividad de capacitaci\u00f3n en la cual participaron funcionarios pertenecientes a la Seremi de Salud de la Regi\u00f3n Metropolitana. El curso centro su tem\u00e1tica en el abordaje del <strong>\u201cMaltrato, Acoso Laboral y Sexual\u201d<\/strong>, teniendo como eje una perspectiva de g\u00e9nero y el marco de las buenas pr\u00e1cticas en la promoci\u00f3n de ambientes laborales saludables.<\/p>\n<p>El curso que se efectu\u00f3 en un total de 21 horas pedag\u00f3gicas tuvo por objetivo que sus participantes fortalecieran sus competencias para reconocer, prevenir y sancionar conductas de acoso laboral, sexual y de discriminaci\u00f3n arbitraria, con el fin de mejorar las relaciones interpersonales, respetando la igualdad en el trato entre hombres y mujeres y la dignidad de las personas.<\/p>\n<p>Los contenidos del curso\u00a0se orientan a identificar el marco conceptual psicol\u00f3gico, legal, laboral y de jurisprudencia del acoso laboral y sexual aplicable en la Administraci\u00f3n P\u00fablica. As\u00ed mismo, adquirir las competencias para tipificar y prevenir el acoso laboral y sexual, procurando mantener ambientes de trabajo saludables.<\/p>\n<p>El curso se desarroll\u00f3 con una metodolog\u00eda presencial, integrando la teor\u00eda y la pr\u00e1ctica, con la presentaci\u00f3n de casos y actividades dise\u00f1adas para propiciar la participaci\u00f3n de los alumnos y la internalizaci\u00f3n de los contenidos del curso.<\/p>\n","protected":false},"excerpt":{"rendered":"<p>En Santiago, entre los d\u00edas 7 y 22 de mayo, se efectu\u00f3 una actividad de capacitaci\u00f3n en la cual participaron funcionarios pertenecientes a la Seremi de Salud de la Regi\u00f3n Metropolitana. El curso centro su tem\u00e1tica en el abordaje del \u201cMaltrato, Acoso Laboral y Sexual\u201d, teniendo como eje una perspectiva de g\u00e9nero y el marco&hellip;<\/p>\n","protected":false},"author":5,"featured_media":2672,"comment_status":"closed","ping_status":"closed","sticky":false,"template":"","format":"standard","meta":{"footnotes":""},"categories":[2,15],"tags":[],"class_list":["post-2667","post","type-post","status-publish","format-standard","has-post-thumbnail","hentry","category-noticias","category-ultimos-cursos","category-2","category-15","description-off"],"_links":{"self":[{"href":"https:\/\/ena.cl\/index.php?rest_route=\/wp\/v2\/posts\/2667","targetHints":{"allow":["GET"]}}],"collection":[{"href":"https:\/\/ena.cl\/index.php?rest_route=\/wp\/v2\/posts"}],"about":[{"href":"https:\/\/ena.cl\/index.php?rest_route=\/wp\/v2\/types\/post"}],"author":[{"embeddable":true,"href":"https:\/\/ena.cl\/index.php?rest_route=\/wp\/v2\/users\/5"}],"replies":[{"embeddable":true,"href":"https:\/\/ena.cl\/index.php?rest_route=%2Fwp%2Fv2%2Fcomments&post=2667"}],"version-history":[{"count":3,"href":"https:\/\/ena.cl\/index.php?rest_route=\/wp\/v2\/posts\/2667\/revisions"}],"predecessor-version":[{"id":2671,"href":"https:\/\/ena.cl\/index.php?rest_route=\/wp\/v2\/posts\/2667\/revisions\/2671"}],"wp:featuredmedia":[{"embeddable":true,"href":"https:\/\/ena.cl\/index.php?rest_route=\/wp\/v2\/media\/2672"}],"wp:attachment":[{"href":"https:\/\/ena.cl\/index.php?rest_route=%2Fwp%2Fv2%2Fmedia&parent=2667"}],"wp:term":[{"taxonomy":"category","embeddable":true,"href":"https:\/\/ena.cl\/index.php?rest_route=%2Fwp%2Fv2%2Fcategories&post=2667"},{"taxonomy":"post_tag","embeddable":true,"href":"https:\/\/ena.cl\/index.php?rest_route=%2Fwp%2Fv2%2Ftags&post=2667"}],"curies":[{"name":"wp","href":"https:\/\/api.w.org\/{rel}","templated":true}]}}