{"id":2617,"date":"2019-03-28T10:51:05","date_gmt":"2019-03-28T10:51:05","guid":{"rendered":"https:\/\/ena.cl\/?p=2617"},"modified":"2019-05-24T17:27:40","modified_gmt":"2019-05-24T17:27:40","slug":"hospital-de-quipue-se-capacita-en-aspectos-normativos-y-legales-de-los-funcionarios-publicos","status":"publish","type":"post","link":"https:\/\/ena.cl\/?p=2617","title":{"rendered":"Hospital de Quilpu\u00e9 se capacita en Aspectos Normativos y Legales de los Funcionarios P\u00fablicos"},"content":{"rendered":"<p><a href=\"https:\/\/ena.cl\/wp-content\/uploads\/2019\/05\/2019-03-28-17.15.41-1.jpg\"><img loading=\"lazy\" decoding=\"async\" class=\"size-medium wp-image-2618 alignleft\" src=\"https:\/\/ena.cl\/wp-content\/uploads\/2019\/05\/2019-03-28-17.15.41-1-300x225.jpg\" alt=\"\" width=\"300\" height=\"225\" srcset=\"https:\/\/ena.cl\/wp-content\/uploads\/2019\/05\/2019-03-28-17.15.41-1-300x225.jpg 300w, https:\/\/ena.cl\/wp-content\/uploads\/2019\/05\/2019-03-28-17.15.41-1-600x450.jpg 600w, https:\/\/ena.cl\/wp-content\/uploads\/2019\/05\/2019-03-28-17.15.41-1-768x576.jpg 768w, https:\/\/ena.cl\/wp-content\/uploads\/2019\/05\/2019-03-28-17.15.41-1-1024x768.jpg 1024w, https:\/\/ena.cl\/wp-content\/uploads\/2019\/05\/2019-03-28-17.15.41-1-1200x900.jpg 1200w, https:\/\/ena.cl\/wp-content\/uploads\/2019\/05\/2019-03-28-17.15.41-1-400x300.jpg 400w, https:\/\/ena.cl\/wp-content\/uploads\/2019\/05\/2019-03-28-17.15.41-1.jpg 1280w\" sizes=\"auto, (max-width: 300px) 100vw, 300px\" \/><\/a>El Hospital de Quilpu\u00e9, los d\u00edas 27 y 28 de marzo 2019, llev\u00f3 a cabo una actividad de capacitaci\u00f3n para sus funcionarios consistente en revisar <strong>\u201cAspectos Normativos y Legales de los funcionarios p\u00fablicos\u201d<\/strong>afectos a la Ley 18.834.<\/p>\n<p>El curso de desarroll\u00f3 en dos sesiones con una duraci\u00f3n total de 21 horas pedag\u00f3gicas, en las cuales se pretendi\u00f3 que los participantes pudiesen adquirir las competencias para interpretar y aplicar tanto el Estatuto Administrativo y otras normas complementarias, como sus Reglamentos, con especial atenci\u00f3n a las disposiciones que en materia de personal ha incorporado la Ley de Autoridad Sanitaria.<\/p>\n<p>El curso abord\u00f3 dentro de los ejes tem\u00e1ticos: Las normas generales de la funci\u00f3n p\u00fablica, la carrera funcionaria y evaluaci\u00f3n del desempe\u00f1o (efectos en las remuneraciones, est\u00edmulos y promoci\u00f3n funcionaria). Obligaciones, prohibiciones e incompatibilidades funcionarias y conductas contrarias al principio e la probidad y transparencia administrativa.<\/p>\n<p>Por otro lado, se abord\u00f3 el tema de los Derechos Funcionarios y las normas generales contenidas en el Estatuto administrativo, las remuneraciones y asignaciones.<\/p>\n<p>Para cerrar el curso se trataron temas relativos a la investigaci\u00f3n sumaria y el sumario administrativo, as\u00ed como las acciones y recursos impugnatorios.<\/p>\n<p>El curso se llev\u00f3 a cabo con la presentaci\u00f3n de clases expositivas que incentivaron la participaci\u00f3n de los alumnos, adem\u00e1s de la elaboraci\u00f3n de talleres pr\u00e1cticos que permitieron aplicar los contenidos tratados en el curso.<\/p>\n<p>Por \u00faltimo, debe destacarse que todos y cada uno de los contenidos del curso, distribuido como ya se dijo en dos d\u00edas de trabajo, fueron tratados con especial atenci\u00f3n a la principal jurisprudencia administrativa y judicial, proveniente tanto de la Contralor\u00eda General de la Rep\u00fablica, como de los Tribunales de Justicia.<\/p>\n","protected":false},"excerpt":{"rendered":"<p>El Hospital de Quilpu\u00e9, los d\u00edas 27 y 28 de marzo 2019, llev\u00f3 a cabo una actividad de capacitaci\u00f3n para sus funcionarios consistente en revisar \u201cAspectos Normativos y Legales de los funcionarios p\u00fablicos\u201dafectos a la Ley 18.834. El curso de desarroll\u00f3 en dos sesiones con una duraci\u00f3n total de 21 horas pedag\u00f3gicas, en las cuales&hellip;<\/p>\n","protected":false},"author":5,"featured_media":2618,"comment_status":"closed","ping_status":"closed","sticky":false,"template":"","format":"standard","meta":{"footnotes":""},"categories":[2,15],"tags":[],"class_list":["post-2617","post","type-post","status-publish","format-standard","has-post-thumbnail","hentry","category-noticias","category-ultimos-cursos","category-2","category-15","description-off"],"_links":{"self":[{"href":"https:\/\/ena.cl\/index.php?rest_route=\/wp\/v2\/posts\/2617","targetHints":{"allow":["GET"]}}],"collection":[{"href":"https:\/\/ena.cl\/index.php?rest_route=\/wp\/v2\/posts"}],"about":[{"href":"https:\/\/ena.cl\/index.php?rest_route=\/wp\/v2\/types\/post"}],"author":[{"embeddable":true,"href":"https:\/\/ena.cl\/index.php?rest_route=\/wp\/v2\/users\/5"}],"replies":[{"embeddable":true,"href":"https:\/\/ena.cl\/index.php?rest_route=%2Fwp%2Fv2%2Fcomments&post=2617"}],"version-history":[{"count":4,"href":"https:\/\/ena.cl\/index.php?rest_route=\/wp\/v2\/posts\/2617\/revisions"}],"predecessor-version":[{"id":2622,"href":"https:\/\/ena.cl\/index.php?rest_route=\/wp\/v2\/posts\/2617\/revisions\/2622"}],"wp:featuredmedia":[{"embeddable":true,"href":"https:\/\/ena.cl\/index.php?rest_route=\/wp\/v2\/media\/2618"}],"wp:attachment":[{"href":"https:\/\/ena.cl\/index.php?rest_route=%2Fwp%2Fv2%2Fmedia&parent=2617"}],"wp:term":[{"taxonomy":"category","embeddable":true,"href":"https:\/\/ena.cl\/index.php?rest_route=%2Fwp%2Fv2%2Fcategories&post=2617"},{"taxonomy":"post_tag","embeddable":true,"href":"https:\/\/ena.cl\/index.php?rest_route=%2Fwp%2Fv2%2Ftags&post=2617"}],"curies":[{"name":"wp","href":"https:\/\/api.w.org\/{rel}","templated":true}]}}