{"id":2600,"date":"2019-03-15T19:20:30","date_gmt":"2019-03-15T19:20:30","guid":{"rendered":"https:\/\/ena.cl\/?p=2600"},"modified":"2019-05-24T17:25:08","modified_gmt":"2019-05-24T17:25:08","slug":"jornadas-de-autocuidado-outdoor-para-cesfam-de-la-municipalidad-de-maipu","status":"publish","type":"post","link":"https:\/\/ena.cl\/?p=2600","title":{"rendered":"Jornadas de Autocuidado Outdoor para Cesfam de la Municipalidad de Maip\u00fa"},"content":{"rendered":"<p><img loading=\"lazy\" decoding=\"async\" class=\"alignleft size-medium wp-image-2637\" src=\"https:\/\/ena.cl\/wp-content\/uploads\/2019\/05\/autocuidado-CEFAM-300x225.jpg\" alt=\"\" width=\"300\" height=\"225\" srcset=\"https:\/\/ena.cl\/wp-content\/uploads\/2019\/05\/autocuidado-CEFAM-300x225.jpg 300w, https:\/\/ena.cl\/wp-content\/uploads\/2019\/05\/autocuidado-CEFAM-600x450.jpg 600w, https:\/\/ena.cl\/wp-content\/uploads\/2019\/05\/autocuidado-CEFAM-768x576.jpg 768w, https:\/\/ena.cl\/wp-content\/uploads\/2019\/05\/autocuidado-CEFAM-400x300.jpg 400w, https:\/\/ena.cl\/wp-content\/uploads\/2019\/05\/autocuidado-CEFAM.jpg 778w\" sizes=\"auto, (max-width: 300px) 100vw, 300px\" \/>En marzo 2019, se realiz\u00f3 una actividad denominada <strong>\u201cMejoramiento del Clima Laboral y Autocuidado Outdoor\u201d\u00a0<\/strong>para un total de 167 funcionarios pertenecientes a la Direcci\u00f3n de Salud de la Ilustre Municipalidad de Maip\u00fa.<\/p>\n<p>La actividad se llev\u00f3 a cabo en 3 jornadas de 10 horas pedag\u00f3gicas cada una, a las cuales asistieron por grupos los participantes pertenecientes a los Equipos de Salud de los Centros de Salud Familiar de la Comuna de Maip\u00fa, adem\u00e1s de la DISAM:\u00a0Cesfam Dr. Carlos Godoy;\u00a0Cesfam Clotario Blest;\u00a0Cesfam Dr. Luis Ferrada;\u00a0Cesfam Pdta. Michelle Bachelet y\u00a0Cesfam Dr. Iv\u00e1n Insunza<\/p>\n<p>Cada jornada estuvo orientada a que los participantes adquiriesen herramientas para el autocuidado laboral y el afrontamiento de los riesgos psicosociales, junto con fortalecer conductas saludables asociadas al bienestar f\u00edsico y mental, propiciando con ello una mejor calidad de vida laboral.<\/p>\n<p>Para el \u00e9xito de la actividad fue esencial la disposici\u00f3n de los participantes quienes por un d\u00eda pudieron compartir en un ambiente distendido, alejado de sus labores cotidianas y reflexionar sobre sus dolencias f\u00edsicas, psicol\u00f3gicas y el modo de afrontarlas de la mejor manera posible.<\/p>\n<p>Galer\u00eda de im\u00e1genes de la jornada<\/p>\n<p>[gm album=13]<\/p>\n","protected":false},"excerpt":{"rendered":"<p>En marzo 2019, se realiz\u00f3 una actividad denominada \u201cMejoramiento del Clima Laboral y Autocuidado Outdoor\u201d\u00a0para un total de 167 funcionarios pertenecientes a la Direcci\u00f3n de Salud de la Ilustre Municipalidad de Maip\u00fa. La actividad se llev\u00f3 a cabo en 3 jornadas de 10 horas pedag\u00f3gicas cada una, a las cuales asistieron por grupos los participantes&hellip;<\/p>\n","protected":false},"author":5,"featured_media":2637,"comment_status":"closed","ping_status":"closed","sticky":false,"template":"","format":"standard","meta":{"footnotes":""},"categories":[2,15],"tags":[],"class_list":["post-2600","post","type-post","status-publish","format-standard","has-post-thumbnail","hentry","category-noticias","category-ultimos-cursos","category-2","category-15","description-off"],"_links":{"self":[{"href":"https:\/\/ena.cl\/index.php?rest_route=\/wp\/v2\/posts\/2600","targetHints":{"allow":["GET"]}}],"collection":[{"href":"https:\/\/ena.cl\/index.php?rest_route=\/wp\/v2\/posts"}],"about":[{"href":"https:\/\/ena.cl\/index.php?rest_route=\/wp\/v2\/types\/post"}],"author":[{"embeddable":true,"href":"https:\/\/ena.cl\/index.php?rest_route=\/wp\/v2\/users\/5"}],"replies":[{"embeddable":true,"href":"https:\/\/ena.cl\/index.php?rest_route=%2Fwp%2Fv2%2Fcomments&post=2600"}],"version-history":[{"count":7,"href":"https:\/\/ena.cl\/index.php?rest_route=\/wp\/v2\/posts\/2600\/revisions"}],"predecessor-version":[{"id":2641,"href":"https:\/\/ena.cl\/index.php?rest_route=\/wp\/v2\/posts\/2600\/revisions\/2641"}],"wp:featuredmedia":[{"embeddable":true,"href":"https:\/\/ena.cl\/index.php?rest_route=\/wp\/v2\/media\/2637"}],"wp:attachment":[{"href":"https:\/\/ena.cl\/index.php?rest_route=%2Fwp%2Fv2%2Fmedia&parent=2600"}],"wp:term":[{"taxonomy":"category","embeddable":true,"href":"https:\/\/ena.cl\/index.php?rest_route=%2Fwp%2Fv2%2Fcategories&post=2600"},{"taxonomy":"post_tag","embeddable":true,"href":"https:\/\/ena.cl\/index.php?rest_route=%2Fwp%2Fv2%2Ftags&post=2600"}],"curies":[{"name":"wp","href":"https:\/\/api.w.org\/{rel}","templated":true}]}}