{"id":2595,"date":"2019-03-29T19:01:06","date_gmt":"2019-03-29T19:01:06","guid":{"rendered":"https:\/\/ena.cl\/?p=2595"},"modified":"2019-05-24T17:26:34","modified_gmt":"2019-05-24T17:26:34","slug":"herramientas-de-planificacion-y-organizacion-del-tiempo-para-funcionarios-del-servicio-de-salud-de-antofagasta","status":"publish","type":"post","link":"https:\/\/ena.cl\/?p=2595","title":{"rendered":"Herramientas de Planificaci\u00f3n y Organizaci\u00f3n del Tiempo para Funcionarios del Servicio de Salud de Antofagasta"},"content":{"rendered":"<p><img loading=\"lazy\" decoding=\"async\" class=\"alignleft size-medium wp-image-2638\" src=\"https:\/\/ena.cl\/wp-content\/uploads\/2019\/05\/planificacion-tiempo-300x225.jpg\" alt=\"\" width=\"300\" height=\"225\" srcset=\"https:\/\/ena.cl\/wp-content\/uploads\/2019\/05\/planificacion-tiempo-300x225.jpg 300w, https:\/\/ena.cl\/wp-content\/uploads\/2019\/05\/planificacion-tiempo-600x450.jpg 600w, https:\/\/ena.cl\/wp-content\/uploads\/2019\/05\/planificacion-tiempo-768x576.jpg 768w, https:\/\/ena.cl\/wp-content\/uploads\/2019\/05\/planificacion-tiempo-400x300.jpg 400w, https:\/\/ena.cl\/wp-content\/uploads\/2019\/05\/planificacion-tiempo.jpg 778w\" sizes=\"auto, (max-width: 300px) 100vw, 300px\" \/>En la ciudad de Antofagasta los d\u00edas 28 y 29 de marzo 2019, se efectu\u00f3 una actividad destinada a entregar herramientas y mejorar las habilidades de \u201c<strong>Planificaci\u00f3n y Organizaci\u00f3n del Tiempo\u201d\u00a0<\/strong>dirigida a funcionarios de la Direcci\u00f3n del Servicio de Salud Antofagasta.<\/p>\n<p>El curso desarrollado en 21 horas pedag\u00f3gicas tuvo por objetivo que los participantes pudiesen tomar conciencia de la importancia del recurso del tiempo, conocer las principales dificultades para administrar y programar eficazmente sus actividades y llevar a acabo un plan de acci\u00f3n para mejorar la capacidad para gestionar el tiempo en pos de alcanzar los objetivos establecidos en su \u00e1rea de trabajo.<\/p>\n<p>Se utilizaron distintas actividades l\u00fadicas, talleres y ejercicios que combinaron aspectos te\u00f3ricos, experienciales y pr\u00e1cticos, con los cuales los asistentes pudieron reflexionar en torno a sus actuales metodolog\u00edas de trabajo, las fortalezas y debilidades para llevar a cabo sus actividades, y desarrollar estrategias para planificar, organizar y optimizar adecuadamente el tiempo.<\/p>\n","protected":false},"excerpt":{"rendered":"<p>En la ciudad de Antofagasta los d\u00edas 28 y 29 de marzo 2019, se efectu\u00f3 una actividad destinada a entregar herramientas y mejorar las habilidades de \u201cPlanificaci\u00f3n y Organizaci\u00f3n del Tiempo\u201d\u00a0dirigida a funcionarios de la Direcci\u00f3n del Servicio de Salud Antofagasta. El curso desarrollado en 21 horas pedag\u00f3gicas tuvo por objetivo que los participantes pudiesen&hellip;<\/p>\n","protected":false},"author":5,"featured_media":2638,"comment_status":"closed","ping_status":"closed","sticky":false,"template":"","format":"standard","meta":{"footnotes":""},"categories":[2,15],"tags":[],"class_list":["post-2595","post","type-post","status-publish","format-standard","has-post-thumbnail","hentry","category-noticias","category-ultimos-cursos","category-2","category-15","description-off"],"_links":{"self":[{"href":"https:\/\/ena.cl\/index.php?rest_route=\/wp\/v2\/posts\/2595","targetHints":{"allow":["GET"]}}],"collection":[{"href":"https:\/\/ena.cl\/index.php?rest_route=\/wp\/v2\/posts"}],"about":[{"href":"https:\/\/ena.cl\/index.php?rest_route=\/wp\/v2\/types\/post"}],"author":[{"embeddable":true,"href":"https:\/\/ena.cl\/index.php?rest_route=\/wp\/v2\/users\/5"}],"replies":[{"embeddable":true,"href":"https:\/\/ena.cl\/index.php?rest_route=%2Fwp%2Fv2%2Fcomments&post=2595"}],"version-history":[{"count":5,"href":"https:\/\/ena.cl\/index.php?rest_route=\/wp\/v2\/posts\/2595\/revisions"}],"predecessor-version":[{"id":2642,"href":"https:\/\/ena.cl\/index.php?rest_route=\/wp\/v2\/posts\/2595\/revisions\/2642"}],"wp:featuredmedia":[{"embeddable":true,"href":"https:\/\/ena.cl\/index.php?rest_route=\/wp\/v2\/media\/2638"}],"wp:attachment":[{"href":"https:\/\/ena.cl\/index.php?rest_route=%2Fwp%2Fv2%2Fmedia&parent=2595"}],"wp:term":[{"taxonomy":"category","embeddable":true,"href":"https:\/\/ena.cl\/index.php?rest_route=%2Fwp%2Fv2%2Fcategories&post=2595"},{"taxonomy":"post_tag","embeddable":true,"href":"https:\/\/ena.cl\/index.php?rest_route=%2Fwp%2Fv2%2Ftags&post=2595"}],"curies":[{"name":"wp","href":"https:\/\/api.w.org\/{rel}","templated":true}]}}