{"id":2558,"date":"2019-01-09T21:37:24","date_gmt":"2019-01-09T21:37:24","guid":{"rendered":"https:\/\/ena.cl\/?p=2558"},"modified":"2019-05-24T17:30:39","modified_gmt":"2019-05-24T17:30:39","slug":"curso-basico-salud-familiar-profesionales-la-salud-la-ilustre-municipalidad-maipu","status":"publish","type":"post","link":"https:\/\/ena.cl\/?p=2558","title":{"rendered":"Curso B\u00e1sico de Salud Familiar para Profesionales de la Salud de la Ilustre Municipalidad de Maip\u00fa"},"content":{"rendered":"<p><img loading=\"lazy\" decoding=\"async\" class=\"alignleft wp-image-2566\" src=\"https:\/\/ena.cl\/wp-content\/uploads\/2019\/02\/maipu-ena-enero.jpg\" alt=\"\" width=\"354\" height=\"265\" srcset=\"https:\/\/ena.cl\/wp-content\/uploads\/2019\/02\/maipu-ena-enero.jpg 1280w, https:\/\/ena.cl\/wp-content\/uploads\/2019\/02\/maipu-ena-enero-600x450.jpg 600w, https:\/\/ena.cl\/wp-content\/uploads\/2019\/02\/maipu-ena-enero-300x225.jpg 300w, https:\/\/ena.cl\/wp-content\/uploads\/2019\/02\/maipu-ena-enero-768x576.jpg 768w, https:\/\/ena.cl\/wp-content\/uploads\/2019\/02\/maipu-ena-enero-1024x768.jpg 1024w, https:\/\/ena.cl\/wp-content\/uploads\/2019\/02\/maipu-ena-enero-1200x900.jpg 1200w, https:\/\/ena.cl\/wp-content\/uploads\/2019\/02\/maipu-ena-enero-400x300.jpg 400w\" sizes=\"auto, (max-width: 354px) 100vw, 354px\" \/>En Santiago, los d\u00edas 8 y 9 de enero 2019, de desarroll\u00f3 el denominado <strong>Curso B\u00e1sico de Salud Familiar para Profesionales de la Salud<\/strong>, en el cual participaron un total de 25 funcionarios pertenecientes a diversos Cesfam de la Ilustre Municipalidad de Maip\u00fa.<\/p>\n<p>El curso tuvo como principal objetivo desarrollar t\u00e9cnicas, herramientas y habilidades que contribuyan al mejor desarrollo del modelo de Atenci\u00f3n Integral con Enfoque en Salud Familiar y Comunitaria en los Centros de Salud, proporcionando a los equipos multidisciplinarios de Atenci\u00f3n Primaria los elementos b\u00e1sicos del Modelo de Salud Familiar.<\/p>\n<p>El curso se desarroll\u00f3 con una metodolog\u00eda presencial, integrando la teor\u00eda y la pr\u00e1ctica, con la presentaci\u00f3n y an\u00e1lisis de casos, talleres grupales y ejercicios creados para propiciar el debate y la participaci\u00f3n activa de los alumnos.<\/p>\n","protected":false},"excerpt":{"rendered":"<p>En Santiago, los d\u00edas 8 y 9 de enero 2019, de desarroll\u00f3 el denominado Curso B\u00e1sico de Salud Familiar para Profesionales de la Salud, en el cual participaron un total de 25 funcionarios pertenecientes a diversos Cesfam de la Ilustre Municipalidad de Maip\u00fa. El curso tuvo como principal objetivo desarrollar t\u00e9cnicas, herramientas y habilidades que&hellip;<\/p>\n","protected":false},"author":5,"featured_media":2566,"comment_status":"closed","ping_status":"closed","sticky":false,"template":"","format":"standard","meta":{"footnotes":""},"categories":[2,15],"tags":[],"class_list":["post-2558","post","type-post","status-publish","format-standard","has-post-thumbnail","hentry","category-noticias","category-ultimos-cursos","category-2","category-15","description-off"],"_links":{"self":[{"href":"https:\/\/ena.cl\/index.php?rest_route=\/wp\/v2\/posts\/2558","targetHints":{"allow":["GET"]}}],"collection":[{"href":"https:\/\/ena.cl\/index.php?rest_route=\/wp\/v2\/posts"}],"about":[{"href":"https:\/\/ena.cl\/index.php?rest_route=\/wp\/v2\/types\/post"}],"author":[{"embeddable":true,"href":"https:\/\/ena.cl\/index.php?rest_route=\/wp\/v2\/users\/5"}],"replies":[{"embeddable":true,"href":"https:\/\/ena.cl\/index.php?rest_route=%2Fwp%2Fv2%2Fcomments&post=2558"}],"version-history":[{"count":3,"href":"https:\/\/ena.cl\/index.php?rest_route=\/wp\/v2\/posts\/2558\/revisions"}],"predecessor-version":[{"id":2568,"href":"https:\/\/ena.cl\/index.php?rest_route=\/wp\/v2\/posts\/2558\/revisions\/2568"}],"wp:featuredmedia":[{"embeddable":true,"href":"https:\/\/ena.cl\/index.php?rest_route=\/wp\/v2\/media\/2566"}],"wp:attachment":[{"href":"https:\/\/ena.cl\/index.php?rest_route=%2Fwp%2Fv2%2Fmedia&parent=2558"}],"wp:term":[{"taxonomy":"category","embeddable":true,"href":"https:\/\/ena.cl\/index.php?rest_route=%2Fwp%2Fv2%2Fcategories&post=2558"},{"taxonomy":"post_tag","embeddable":true,"href":"https:\/\/ena.cl\/index.php?rest_route=%2Fwp%2Fv2%2Ftags&post=2558"}],"curies":[{"name":"wp","href":"https:\/\/api.w.org\/{rel}","templated":true}]}}