{"id":2549,"date":"2018-11-30T21:35:11","date_gmt":"2018-11-30T21:35:11","guid":{"rendered":"https:\/\/ena.cl\/?p=2549"},"modified":"2019-05-24T17:31:35","modified_gmt":"2019-05-24T17:31:35","slug":"centro-salud-familiar-rio-negro-desarrolla-habilidades-consejeria-familiar-salud","status":"publish","type":"post","link":"https:\/\/ena.cl\/?p=2549","title":{"rendered":"Centro de Salud Familiar de R\u00edo Negro desarrolla habilidades en Consejer\u00eda Familiar en Salud"},"content":{"rendered":"<p><a href=\"https:\/\/ena.cl\/wp-content\/uploads\/2019\/02\/2018-12-05-15.57.30-1.jpg\"><img loading=\"lazy\" decoding=\"async\" class=\"alignleft wp-image-2571\" src=\"https:\/\/ena.cl\/wp-content\/uploads\/2019\/02\/osorno-ena-2019-1.jpg\" alt=\"\" width=\"301\" height=\"226\" srcset=\"https:\/\/ena.cl\/wp-content\/uploads\/2019\/02\/osorno-ena-2019-1.jpg 1280w, https:\/\/ena.cl\/wp-content\/uploads\/2019\/02\/osorno-ena-2019-1-600x450.jpg 600w, https:\/\/ena.cl\/wp-content\/uploads\/2019\/02\/osorno-ena-2019-1-300x225.jpg 300w, https:\/\/ena.cl\/wp-content\/uploads\/2019\/02\/osorno-ena-2019-1-768x576.jpg 768w, https:\/\/ena.cl\/wp-content\/uploads\/2019\/02\/osorno-ena-2019-1-1024x768.jpg 1024w, https:\/\/ena.cl\/wp-content\/uploads\/2019\/02\/osorno-ena-2019-1-1200x900.jpg 1200w, https:\/\/ena.cl\/wp-content\/uploads\/2019\/02\/osorno-ena-2019-1-400x300.jpg 400w\" sizes=\"auto, (max-width: 301px) 100vw, 301px\" \/><\/a>En la provincia de Osorno, los d\u00edas 29 y 30 de noviembre de 2018, se desarroll\u00f3 una actividad para 30 participantes del Centro de Salud Familiar Practicante Pablo Araya de R\u00edo Negro, en un curso de <strong>Consejer\u00eda Familiar en Salud<\/strong>.<\/p>\n<p>Esta actividad fue dise\u00f1ada para contribuir al mejoramiento de la calidad de atenci\u00f3n de los usuarios de Atenci\u00f3n Primaria de Salud, a trav\u00e9s de la intervenci\u00f3n familiar como un proceso de cambio que resuelve problemas de salud, utilizando como estrategias la consejer\u00eda familiar y la intervenci\u00f3n familiar.<\/p>\n<p>Dentro de los principales objetivos del curso se encontr\u00f3 el actualizar conocimientos relacionados con las caracter\u00edsticas del Modelo Biopsicosocial y los principios de la Salud Familiar, incorporando el concepto de Equipo de Cabecera; identificar los modelos estrat\u00e9gicos utilizados en la Consejer\u00eda Familiar; entrenar al equipo de salud en el uso de instrumentos y consejer\u00edas familiares; facilitar la generaci\u00f3n de propuestas de intervenci\u00f3n y acompa\u00f1amientos integrales en las estrategias de trabajos con familias y comunidad con la aplicaci\u00f3n consejer\u00eda familiar.<\/p>\n","protected":false},"excerpt":{"rendered":"<p>En la provincia de Osorno, los d\u00edas 29 y 30 de noviembre de 2018, se desarroll\u00f3 una actividad para 30 participantes del Centro de Salud Familiar Practicante Pablo Araya de R\u00edo Negro, en un curso de Consejer\u00eda Familiar en Salud. Esta actividad fue dise\u00f1ada para contribuir al mejoramiento de la calidad de atenci\u00f3n de los&hellip;<\/p>\n","protected":false},"author":5,"featured_media":2569,"comment_status":"closed","ping_status":"closed","sticky":false,"template":"","format":"standard","meta":{"footnotes":""},"categories":[2,15],"tags":[],"class_list":["post-2549","post","type-post","status-publish","format-standard","has-post-thumbnail","hentry","category-noticias","category-ultimos-cursos","category-2","category-15","description-off"],"_links":{"self":[{"href":"https:\/\/ena.cl\/index.php?rest_route=\/wp\/v2\/posts\/2549","targetHints":{"allow":["GET"]}}],"collection":[{"href":"https:\/\/ena.cl\/index.php?rest_route=\/wp\/v2\/posts"}],"about":[{"href":"https:\/\/ena.cl\/index.php?rest_route=\/wp\/v2\/types\/post"}],"author":[{"embeddable":true,"href":"https:\/\/ena.cl\/index.php?rest_route=\/wp\/v2\/users\/5"}],"replies":[{"embeddable":true,"href":"https:\/\/ena.cl\/index.php?rest_route=%2Fwp%2Fv2%2Fcomments&post=2549"}],"version-history":[{"count":6,"href":"https:\/\/ena.cl\/index.php?rest_route=\/wp\/v2\/posts\/2549\/revisions"}],"predecessor-version":[{"id":2572,"href":"https:\/\/ena.cl\/index.php?rest_route=\/wp\/v2\/posts\/2549\/revisions\/2572"}],"wp:featuredmedia":[{"embeddable":true,"href":"https:\/\/ena.cl\/index.php?rest_route=\/wp\/v2\/media\/2569"}],"wp:attachment":[{"href":"https:\/\/ena.cl\/index.php?rest_route=%2Fwp%2Fv2%2Fmedia&parent=2549"}],"wp:term":[{"taxonomy":"category","embeddable":true,"href":"https:\/\/ena.cl\/index.php?rest_route=%2Fwp%2Fv2%2Fcategories&post=2549"},{"taxonomy":"post_tag","embeddable":true,"href":"https:\/\/ena.cl\/index.php?rest_route=%2Fwp%2Fv2%2Ftags&post=2549"}],"curies":[{"name":"wp","href":"https:\/\/api.w.org\/{rel}","templated":true}]}}