{"id":2544,"date":"2018-11-20T21:33:38","date_gmt":"2018-11-20T21:33:38","guid":{"rendered":"https:\/\/ena.cl\/?p=2544"},"modified":"2019-05-24T17:34:40","modified_gmt":"2019-05-24T17:34:40","slug":"superintendencia-educacion-los-lagos-se-perfecciona-redaccion-actas-e-informes","status":"publish","type":"post","link":"https:\/\/ena.cl\/?p=2544","title":{"rendered":"Superintendencia de Educaci\u00f3n de Los Lagos se perfecciona en Redacci\u00f3n de Actas e Informes"},"content":{"rendered":"<p><a href=\"https:\/\/ena.cl\/wp-content\/uploads\/2019\/02\/Redacci\u00f3n-Supereduc-Los-Lagos.jpg\"><img loading=\"lazy\" decoding=\"async\" class=\"size-medium wp-image-2540 alignleft\" src=\"https:\/\/ena.cl\/wp-content\/uploads\/2019\/02\/Redacci\u00f3n-Supereduc-Los-Lagos-300x225.jpg\" alt=\"\" width=\"300\" height=\"225\" \/><\/a>La Superintendencia de Educaci\u00f3n en la Direcci\u00f3n Regional de Los Lagos, desarroll\u00f3 una actividad de capacitaci\u00f3n con el fin de que sus funcionarios pudiesen fortalecer habilidades para la <strong>Redacci\u00f3n de Actas e Informes<\/strong>. La actividad se llev\u00f3 a cabo en la ciudad de Puerto Montt los d\u00edas 19 y 20 de noviembre de 2018, y cont\u00f3 con la participaci\u00f3n de 12 funcionarios de la instituci\u00f3n.<\/p>\n<p>El curso tuvo como objetivo que los participantes fortalecieran sus competencias comunicacionales escritas, particularmente en la elaboraci\u00f3n de actas e informes. De esta forma, se espera que puedan identificar y aplicar los criterios necesarios para redactar textos claros, precisos y concisos, que respondan a la necesidad de fiscalizaci\u00f3n que cumplen las personas que trabajan en la Superintendencia de Educaci\u00f3n.<\/p>\n<p>Junto con la entrega de contenidos te\u00f3ricos, se desarrollaron talleres y actividades pr\u00e1cticas que favorecieron el aprendizaje por parte de los alumnos durante dos jornadas en que se desarroll\u00f3 la actividad.<\/p>\n","protected":false},"excerpt":{"rendered":"<p>La Superintendencia de Educaci\u00f3n en la Direcci\u00f3n Regional de Los Lagos, desarroll\u00f3 una actividad de capacitaci\u00f3n con el fin de que sus funcionarios pudiesen fortalecer habilidades para la Redacci\u00f3n de Actas e Informes. La actividad se llev\u00f3 a cabo en la ciudad de Puerto Montt los d\u00edas 19 y 20 de noviembre de 2018, y&hellip;<\/p>\n","protected":false},"author":5,"featured_media":2540,"comment_status":"closed","ping_status":"closed","sticky":false,"template":"","format":"standard","meta":{"footnotes":""},"categories":[2,15],"tags":[],"class_list":["post-2544","post","type-post","status-publish","format-standard","has-post-thumbnail","hentry","category-noticias","category-ultimos-cursos","category-2","category-15","description-off"],"_links":{"self":[{"href":"https:\/\/ena.cl\/index.php?rest_route=\/wp\/v2\/posts\/2544","targetHints":{"allow":["GET"]}}],"collection":[{"href":"https:\/\/ena.cl\/index.php?rest_route=\/wp\/v2\/posts"}],"about":[{"href":"https:\/\/ena.cl\/index.php?rest_route=\/wp\/v2\/types\/post"}],"author":[{"embeddable":true,"href":"https:\/\/ena.cl\/index.php?rest_route=\/wp\/v2\/users\/5"}],"replies":[{"embeddable":true,"href":"https:\/\/ena.cl\/index.php?rest_route=%2Fwp%2Fv2%2Fcomments&post=2544"}],"version-history":[{"count":5,"href":"https:\/\/ena.cl\/index.php?rest_route=\/wp\/v2\/posts\/2544\/revisions"}],"predecessor-version":[{"id":2561,"href":"https:\/\/ena.cl\/index.php?rest_route=\/wp\/v2\/posts\/2544\/revisions\/2561"}],"wp:featuredmedia":[{"embeddable":true,"href":"https:\/\/ena.cl\/index.php?rest_route=\/wp\/v2\/media\/2540"}],"wp:attachment":[{"href":"https:\/\/ena.cl\/index.php?rest_route=%2Fwp%2Fv2%2Fmedia&parent=2544"}],"wp:term":[{"taxonomy":"category","embeddable":true,"href":"https:\/\/ena.cl\/index.php?rest_route=%2Fwp%2Fv2%2Fcategories&post=2544"},{"taxonomy":"post_tag","embeddable":true,"href":"https:\/\/ena.cl\/index.php?rest_route=%2Fwp%2Fv2%2Ftags&post=2544"}],"curies":[{"name":"wp","href":"https:\/\/api.w.org\/{rel}","templated":true}]}}