{"id":2474,"date":"2018-08-09T21:27:28","date_gmt":"2018-08-09T21:27:28","guid":{"rendered":"https:\/\/ena.cl\/?p=2474"},"modified":"2018-08-09T21:27:28","modified_gmt":"2018-08-09T21:27:28","slug":"instituto-traumatologico-instruye-trabajadores-tematicas-acoso-laboral-sexual-discriminacion-arbitraria","status":"publish","type":"post","link":"https:\/\/ena.cl\/?p=2474","title":{"rendered":"Instituto Traumatol\u00f3gico instruye a sus trabajadores en tem\u00e1ticas de Acoso Laboral, Sexual y Discriminaci\u00f3n Arbitraria"},"content":{"rendered":"<p style=\"text-align: left;\"><a href=\"https:\/\/ena.cl\/wp-content\/uploads\/2018\/08\/IMG-20180322-WA0000.jpg\"><img loading=\"lazy\" decoding=\"async\" class=\"size-medium wp-image-2475 alignleft\" src=\"https:\/\/ena.cl\/wp-content\/uploads\/2018\/08\/IMG-20180322-WA0000-300x225.jpg\" alt=\"\" width=\"300\" height=\"225\" srcset=\"https:\/\/ena.cl\/wp-content\/uploads\/2018\/08\/IMG-20180322-WA0000-300x225.jpg 300w, https:\/\/ena.cl\/wp-content\/uploads\/2018\/08\/IMG-20180322-WA0000-600x450.jpg 600w, https:\/\/ena.cl\/wp-content\/uploads\/2018\/08\/IMG-20180322-WA0000-768x576.jpg 768w, https:\/\/ena.cl\/wp-content\/uploads\/2018\/08\/IMG-20180322-WA0000-1024x768.jpg 1024w, https:\/\/ena.cl\/wp-content\/uploads\/2018\/08\/IMG-20180322-WA0000-1200x900.jpg 1200w, https:\/\/ena.cl\/wp-content\/uploads\/2018\/08\/IMG-20180322-WA0000-400x300.jpg 400w, https:\/\/ena.cl\/wp-content\/uploads\/2018\/08\/IMG-20180322-WA0000.jpg 1280w\" sizes=\"auto, (max-width: 300px) 100vw, 300px\" \/><\/a>En Santiago, el pasado 20 y 22 de marzo 2018 se llev\u00f3 a cabo una actividad de capacitaci\u00f3n en la cual participaron funcionarios pertenecientes a distintos estamentos del Instituto Traumatol\u00f3gico Dr. Teodoro Gebauer, denominado <strong><em>\u201cPrevenci\u00f3n y Sanci\u00f3n del Acoso Laboral y Sexual desde un Enfoque de G\u00e9nero\u201d<\/em><\/strong>.<\/p>\n<p>El curso que se efectu\u00f3 en un total de 21 horas pedag\u00f3gicas, tuvo por objetivo que sus participantes fortalecieran sus competencias para reconocer, prevenir y sancionar conductas de acoso laboral, sexual y de discriminaci\u00f3n arbitraria, con el fin de mejorar las relaciones interpersonales, respetando la igualdad en el trato entre hombres y mujeres y la dignidad de las personas.<\/p>\n<p>Los contenidos del curso \u00a0se orientan a identificar el marco conceptual psicol\u00f3gico, legal, laboral y de jurisprudencia del acoso laboral y sexual aplicable en la Administraci\u00f3n P\u00fablica. As\u00ed mismo, adquirir las competencias para tipificar y prevenir el acoso laboral y sexual, procurando mantener ambientes de trabajo saludables.<\/p>\n<p>El curso se desarroll\u00f3 con una metodolog\u00eda presencial, integrando la teor\u00eda y la pr\u00e1ctica, con la presentaci\u00f3n de casos y actividades dise\u00f1adas para propiciar la participaci\u00f3n de los alumnos y la internalizaci\u00f3n de los contenidos del curso.<\/p>\n","protected":false},"excerpt":{"rendered":"<p>En Santiago, el pasado 20 y 22 de marzo 2018 se llev\u00f3 a cabo una actividad de capacitaci\u00f3n en la cual participaron funcionarios pertenecientes a distintos estamentos del Instituto Traumatol\u00f3gico Dr. Teodoro Gebauer, denominado \u201cPrevenci\u00f3n y Sanci\u00f3n del Acoso Laboral y Sexual desde un Enfoque de G\u00e9nero\u201d. El curso que se efectu\u00f3 en un total&hellip;<\/p>\n","protected":false},"author":5,"featured_media":2475,"comment_status":"closed","ping_status":"closed","sticky":false,"template":"","format":"standard","meta":{"footnotes":""},"categories":[2,15],"tags":[],"class_list":["post-2474","post","type-post","status-publish","format-standard","has-post-thumbnail","hentry","category-noticias","category-ultimos-cursos","category-2","category-15","description-off"],"_links":{"self":[{"href":"https:\/\/ena.cl\/index.php?rest_route=\/wp\/v2\/posts\/2474","targetHints":{"allow":["GET"]}}],"collection":[{"href":"https:\/\/ena.cl\/index.php?rest_route=\/wp\/v2\/posts"}],"about":[{"href":"https:\/\/ena.cl\/index.php?rest_route=\/wp\/v2\/types\/post"}],"author":[{"embeddable":true,"href":"https:\/\/ena.cl\/index.php?rest_route=\/wp\/v2\/users\/5"}],"replies":[{"embeddable":true,"href":"https:\/\/ena.cl\/index.php?rest_route=%2Fwp%2Fv2%2Fcomments&post=2474"}],"version-history":[{"count":4,"href":"https:\/\/ena.cl\/index.php?rest_route=\/wp\/v2\/posts\/2474\/revisions"}],"predecessor-version":[{"id":2490,"href":"https:\/\/ena.cl\/index.php?rest_route=\/wp\/v2\/posts\/2474\/revisions\/2490"}],"wp:featuredmedia":[{"embeddable":true,"href":"https:\/\/ena.cl\/index.php?rest_route=\/wp\/v2\/media\/2475"}],"wp:attachment":[{"href":"https:\/\/ena.cl\/index.php?rest_route=%2Fwp%2Fv2%2Fmedia&parent=2474"}],"wp:term":[{"taxonomy":"category","embeddable":true,"href":"https:\/\/ena.cl\/index.php?rest_route=%2Fwp%2Fv2%2Fcategories&post=2474"},{"taxonomy":"post_tag","embeddable":true,"href":"https:\/\/ena.cl\/index.php?rest_route=%2Fwp%2Fv2%2Ftags&post=2474"}],"curies":[{"name":"wp","href":"https:\/\/api.w.org\/{rel}","templated":true}]}}