{"id":2436,"date":"2017-11-17T00:00:15","date_gmt":"2017-11-17T00:00:15","guid":{"rendered":"https:\/\/ena.cl\/?p=2436"},"modified":"2017-12-05T13:19:16","modified_gmt":"2017-12-05T13:19:16","slug":"subsecretaria-prevencion-del-delito-desarrolla-jornada-estudio-prevencion-sancion-del-acoso-laboral-sexual-actos-discriminacion-arbitraria","status":"publish","type":"post","link":"https:\/\/ena.cl\/?p=2436","title":{"rendered":"Subsecretar\u00eda de Prevenci\u00f3n del Delito desarrolla jornada de estudio sobre Prevenci\u00f3n y Sanci\u00f3n del Acoso Laboral y Sexual y Actos de Discriminaci\u00f3n Arbitraria"},"content":{"rendered":"<p><img loading=\"lazy\" decoding=\"async\" class=\"alignleft size-medium wp-image-2437\" src=\"https:\/\/ena.cl\/wp-content\/uploads\/2017\/11\/IMG-20171019-WA0006-S.-P.-del-Delito-300x171.jpg\" alt=\"Subsecretar\u00eda PD\" width=\"300\" height=\"171\" \/>En Santiago, los d\u00edas 17 y 19 de octubre 2017 se llev\u00f3 a cabo una actividad para un total de 63 funcionarios de la Subsecretar\u00eda de Prevenci\u00f3n del Delito en cuanto a la \u201cPrevenci\u00f3n y Sanci\u00f3n de Acoso Laboral, Sexual y los Actos de Discriminaci\u00f3n\u201d, enmarcada en la incorporaci\u00f3n y aplicaci\u00f3n de buenas pr\u00e1cticas laborales en la instituci\u00f3n.<\/p>\n<p>La actividad se desarroll\u00f3 en las dependencias de la Subsecretar\u00eda, siendo el principal objetivo que sus participantes fortalecieran sus competencias para reconocer, prevenir y sancionar conductas de acoso laboral, sexual y\/o actos de discriminaci\u00f3n, con el fin de mejorar las relaciones interpersonales, respetando la igualdad en el trato entre hombres y mujeres y la dignidad de las personas.<\/p>\n<p>Los contenidos del curso se orientaron a identificar el marco conceptual psicol\u00f3gico, legal, laboral y de jurisprudencia del acoso laboral y\/o sexual y la discriminaci\u00f3n arbitraria, aplicable en la Administraci\u00f3n P\u00fablica. As\u00ed mismo, adquirir las competencias para tipificar y prevenir el acoso laboral, sexual y la discriminaci\u00f3n, procurando mantener ambientes de trabajo saludables.<\/p>\n<p>El curso se desarroll\u00f3 con una metodolog\u00eda presencial, integrando la teor\u00eda y la pr\u00e1ctica, con la presentaci\u00f3n de casos y actividades dise\u00f1adas para propiciar la participaci\u00f3n de los alumnos y la internalizaci\u00f3n de los contenidos del curso.<\/p>\n","protected":false},"excerpt":{"rendered":"<p>En Santiago, los d\u00edas 17 y 19 de octubre 2017 se llev\u00f3 a cabo una actividad para un total de 63 funcionarios de la Subsecretar\u00eda de Prevenci\u00f3n del Delito en cuanto a la \u201cPrevenci\u00f3n y Sanci\u00f3n de Acoso Laboral, Sexual y los Actos de Discriminaci\u00f3n\u201d, enmarcada en la incorporaci\u00f3n y aplicaci\u00f3n de buenas pr\u00e1cticas laborales&hellip;<\/p>\n","protected":false},"author":3,"featured_media":2448,"comment_status":"closed","ping_status":"closed","sticky":false,"template":"","format":"standard","meta":{"footnotes":""},"categories":[14,2,15],"tags":[],"class_list":["post-2436","post","type-post","status-publish","format-standard","has-post-thumbnail","hentry","category-newsletter","category-noticias","category-ultimos-cursos","category-14","category-2","category-15","description-off"],"_links":{"self":[{"href":"https:\/\/ena.cl\/index.php?rest_route=\/wp\/v2\/posts\/2436","targetHints":{"allow":["GET"]}}],"collection":[{"href":"https:\/\/ena.cl\/index.php?rest_route=\/wp\/v2\/posts"}],"about":[{"href":"https:\/\/ena.cl\/index.php?rest_route=\/wp\/v2\/types\/post"}],"author":[{"embeddable":true,"href":"https:\/\/ena.cl\/index.php?rest_route=\/wp\/v2\/users\/3"}],"replies":[{"embeddable":true,"href":"https:\/\/ena.cl\/index.php?rest_route=%2Fwp%2Fv2%2Fcomments&post=2436"}],"version-history":[{"count":1,"href":"https:\/\/ena.cl\/index.php?rest_route=\/wp\/v2\/posts\/2436\/revisions"}],"predecessor-version":[{"id":2438,"href":"https:\/\/ena.cl\/index.php?rest_route=\/wp\/v2\/posts\/2436\/revisions\/2438"}],"wp:featuredmedia":[{"embeddable":true,"href":"https:\/\/ena.cl\/index.php?rest_route=\/wp\/v2\/media\/2448"}],"wp:attachment":[{"href":"https:\/\/ena.cl\/index.php?rest_route=%2Fwp%2Fv2%2Fmedia&parent=2436"}],"wp:term":[{"taxonomy":"category","embeddable":true,"href":"https:\/\/ena.cl\/index.php?rest_route=%2Fwp%2Fv2%2Fcategories&post=2436"},{"taxonomy":"post_tag","embeddable":true,"href":"https:\/\/ena.cl\/index.php?rest_route=%2Fwp%2Fv2%2Ftags&post=2436"}],"curies":[{"name":"wp","href":"https:\/\/api.w.org\/{rel}","templated":true}]}}