{"id":2427,"date":"2017-11-17T00:00:12","date_gmt":"2017-11-17T00:00:12","guid":{"rendered":"https:\/\/ena.cl\/?p=2427"},"modified":"2017-11-17T03:45:44","modified_gmt":"2017-11-17T03:45:44","slug":"consejo-nacional-television-cntv-se-actualiza-etica-publica-probidad-transparencia-administrativa","status":"publish","type":"post","link":"https:\/\/ena.cl\/?p=2427","title":{"rendered":"Consejo Nacional de Televisi\u00f3n &#8211; CNTV se actualiza en \u00c9tica P\u00fablica, Probidad y Transparencia Administrativa"},"content":{"rendered":"<p><img loading=\"lazy\" decoding=\"async\" class=\"alignleft size-medium wp-image-2428\" src=\"https:\/\/ena.cl\/wp-content\/uploads\/2017\/11\/IMG-20171024-WA0005-CNTV-300x225.jpg\" alt=\"CNTV\" width=\"300\" height=\"225\" srcset=\"https:\/\/ena.cl\/wp-content\/uploads\/2017\/11\/IMG-20171024-WA0005-CNTV-300x225.jpg 300w, https:\/\/ena.cl\/wp-content\/uploads\/2017\/11\/IMG-20171024-WA0005-CNTV-600x450.jpg 600w, https:\/\/ena.cl\/wp-content\/uploads\/2017\/11\/IMG-20171024-WA0005-CNTV-768x575.jpg 768w, https:\/\/ena.cl\/wp-content\/uploads\/2017\/11\/IMG-20171024-WA0005-CNTV-1024x767.jpg 1024w, https:\/\/ena.cl\/wp-content\/uploads\/2017\/11\/IMG-20171024-WA0005-CNTV-1200x900.jpg 1200w, https:\/\/ena.cl\/wp-content\/uploads\/2017\/11\/IMG-20171024-WA0005-CNTV-400x300.jpg 400w, https:\/\/ena.cl\/wp-content\/uploads\/2017\/11\/IMG-20171024-WA0005-CNTV.jpg 1280w\" sizes=\"auto, (max-width: 300px) 100vw, 300px\" \/>En Santiago los d\u00edas 23 y 24 de octubre de 2017 se desarroll\u00f3 el curso sobre \u201c\u00c9tica, Probidad, y Transparencia Administrativa\u201d para un total de 13 funcionarios pertenecientes al Consejo Nacional de Televisi\u00f3n.<\/p>\n<p>Los contenidos de esta actividad se organizaron en cuatro unidades de estudio, en primer lugar, se abord\u00f3 la \u00c9tica desde su dimensi\u00f3n val\u00f3rica con especial atenci\u00f3n a su aplicaci\u00f3n pr\u00e1ctica en la Administraci\u00f3n P\u00fablica. En segundo lugar se estudi\u00f3 la evoluci\u00f3n del principio de la probidad administrativa a partir de la Constituci\u00f3n de 1818; los sujetos obligados a la normativa: Autoridades, funcionarios titulares y a contrata, contratados a honorarios, y prestadores de servicios por la v\u00eda de la Ley de Compras; sus obligaciones, prohibiciones, y conductas contrarias al principio de la probidad; as\u00ed como los alcances de la preeminencia del inter\u00e9s general respecto del inter\u00e9s particular. En tercer lugar, se revis\u00f3 el principio de la transparencia en el marco del derecho de acceso a la informaci\u00f3n, con especial atenci\u00f3n en sus dos modalidades: pasiva y activa, reguladas de manera especial en las instrucciones generales n\u00fameros 6, 10 y 11 todas del Consejo para la Transparencia.<\/p>\n<p>El curso tambi\u00e9n consider\u00f3 el estudio de la nueva Ley 20.880 sobre probidad en la funci\u00f3n p\u00fablica y prevenci\u00f3n de los conflictos de interteses, a prop\u00f3sito de las nuevas declaraciones juradas de intereses y patrimonio, y la Ley 20.730 del Lobby, la cual por una parte pretende regular la publicidad en la materia y dem\u00e1s gestiones que representen intereses particulares, con el objetivo de fortalecer la transparencia y la probidad, y por la otra prevenir los delitos de soborno y cohecho.<\/p>\n<p>Por \u00faltimo, y en cuarto lugar, la actividad abord\u00f3 las v\u00edas para hacer efectiva la responsabilidad administrativa por incumplimiento a las reglas de probidad y transparencia, mediante los procedimientos calificatorios, por mal desempe\u00f1o, y disciplinarios por mala conducta, con inclusi\u00f3n del procedimiento especial contenido en el art\u00edculo 15 de la Ley del Lobby, as\u00ed como tambi\u00e9n los procedimientos de reclamo y amparo de informaci\u00f3n ante el Consejo para la Transparencia, e Ilegalidad ante la Corte de Apelaciones.<\/p>\n","protected":false},"excerpt":{"rendered":"<p>En Santiago los d\u00edas 23 y 24 de octubre de 2017 se desarroll\u00f3 el curso sobre \u201c\u00c9tica, Probidad, y Transparencia Administrativa\u201d para un total de 13 funcionarios pertenecientes al Consejo Nacional de Televisi\u00f3n. Los contenidos de esta actividad se organizaron en cuatro unidades de estudio, en primer lugar, se abord\u00f3 la \u00c9tica desde su dimensi\u00f3n&hellip;<\/p>\n","protected":false},"author":3,"featured_media":2428,"comment_status":"closed","ping_status":"closed","sticky":false,"template":"","format":"standard","meta":{"footnotes":""},"categories":[14,2,15],"tags":[],"class_list":["post-2427","post","type-post","status-publish","format-standard","has-post-thumbnail","hentry","category-newsletter","category-noticias","category-ultimos-cursos","category-14","category-2","category-15","description-off"],"_links":{"self":[{"href":"https:\/\/ena.cl\/index.php?rest_route=\/wp\/v2\/posts\/2427","targetHints":{"allow":["GET"]}}],"collection":[{"href":"https:\/\/ena.cl\/index.php?rest_route=\/wp\/v2\/posts"}],"about":[{"href":"https:\/\/ena.cl\/index.php?rest_route=\/wp\/v2\/types\/post"}],"author":[{"embeddable":true,"href":"https:\/\/ena.cl\/index.php?rest_route=\/wp\/v2\/users\/3"}],"replies":[{"embeddable":true,"href":"https:\/\/ena.cl\/index.php?rest_route=%2Fwp%2Fv2%2Fcomments&post=2427"}],"version-history":[{"count":1,"href":"https:\/\/ena.cl\/index.php?rest_route=\/wp\/v2\/posts\/2427\/revisions"}],"predecessor-version":[{"id":2429,"href":"https:\/\/ena.cl\/index.php?rest_route=\/wp\/v2\/posts\/2427\/revisions\/2429"}],"wp:featuredmedia":[{"embeddable":true,"href":"https:\/\/ena.cl\/index.php?rest_route=\/wp\/v2\/media\/2428"}],"wp:attachment":[{"href":"https:\/\/ena.cl\/index.php?rest_route=%2Fwp%2Fv2%2Fmedia&parent=2427"}],"wp:term":[{"taxonomy":"category","embeddable":true,"href":"https:\/\/ena.cl\/index.php?rest_route=%2Fwp%2Fv2%2Fcategories&post=2427"},{"taxonomy":"post_tag","embeddable":true,"href":"https:\/\/ena.cl\/index.php?rest_route=%2Fwp%2Fv2%2Ftags&post=2427"}],"curies":[{"name":"wp","href":"https:\/\/api.w.org\/{rel}","templated":true}]}}