{"id":2412,"date":"2017-10-20T00:00:18","date_gmt":"2017-10-20T00:00:18","guid":{"rendered":"https:\/\/ena.cl\/?p=2412"},"modified":"2017-10-20T18:20:37","modified_gmt":"2017-10-20T18:20:37","slug":"hospital-arica-estudia-carrera-funcionaria-posterior-encasillamiento-motivo-nueva-ley-planta","status":"publish","type":"post","link":"https:\/\/ena.cl\/?p=2412","title":{"rendered":"Hospital de Arica estudia su Carrera Funcionaria y posterior Encasillamiento con motivo de su nueva Ley de Planta"},"content":{"rendered":"<p style=\"text-align: justify;\"><img loading=\"lazy\" decoding=\"async\" class=\"alignleft size-medium wp-image-2413\" src=\"https:\/\/ena.cl\/wp-content\/uploads\/2017\/10\/IMG-20170926-WA0007-Arica-Carrera-Funcionaria-300x225.jpg\" alt=\"\" width=\"300\" height=\"225\" srcset=\"https:\/\/ena.cl\/wp-content\/uploads\/2017\/10\/IMG-20170926-WA0007-Arica-Carrera-Funcionaria-300x225.jpg 300w, https:\/\/ena.cl\/wp-content\/uploads\/2017\/10\/IMG-20170926-WA0007-Arica-Carrera-Funcionaria-600x450.jpg 600w, https:\/\/ena.cl\/wp-content\/uploads\/2017\/10\/IMG-20170926-WA0007-Arica-Carrera-Funcionaria-768x576.jpg 768w, https:\/\/ena.cl\/wp-content\/uploads\/2017\/10\/IMG-20170926-WA0007-Arica-Carrera-Funcionaria-1024x768.jpg 1024w, https:\/\/ena.cl\/wp-content\/uploads\/2017\/10\/IMG-20170926-WA0007-Arica-Carrera-Funcionaria-1200x900.jpg 1200w, https:\/\/ena.cl\/wp-content\/uploads\/2017\/10\/IMG-20170926-WA0007-Arica-Carrera-Funcionaria-400x300.jpg 400w, https:\/\/ena.cl\/wp-content\/uploads\/2017\/10\/IMG-20170926-WA0007-Arica-Carrera-Funcionaria.jpg 1280w\" sizes=\"auto, (max-width: 300px) 100vw, 300px\" \/>En Arica los d\u00edas 25 y 26 de septiembre en dependencias del Hospital Juan No\u00e9 Crevani de la ciudad de Arica, 31 funcionarios titulares, a contrata, y contratados a honorarios fueron capacitados en los alcances de la Ley 20.972 que \u201cPerfecciona asignaciones para los funcionarios del sector salud que indica y delega facultades para la fijaci\u00f3n de las plantas del personal de los Servicios de Salud y Fonasa\u201d y el Decreto con Fuerza de Ley 2 de 24 de agosto de 2017, actualmente en tr\u00e1mite de toma de raz\u00f3n en la Contralor\u00eda General de la Rep\u00fablica, con motivo de la fijaci\u00f3n de la nueva Ley de Planta del Servicio de Salud Arica y su posterior encasillamiento.<\/p>\n<p style=\"text-align: justify;\">En la actividad se explicaron las novedades en materia remuneratoria y las reglas del doble proceso de encasillamiento para el personal directivo, profesional, t\u00e9cnico, administrativo, y auxiliar, tanto para las modalidades de concurso interno, acreditaci\u00f3n de competencias, como de traspaso de la contrata a igual grado sin dejar de considerar la carrera funcionaria dispuesta en el Estatuto Administrativo, la Ley de Autoridad Sanitaria, y la principal jurisprudencia administrativa en la materia emanada de la Contralor\u00eda General de la Rep\u00fablica.<\/p>\n","protected":false},"excerpt":{"rendered":"<p>En Arica los d\u00edas 25 y 26 de septiembre en dependencias del Hospital Juan No\u00e9 Crevani de la ciudad de Arica, 31 funcionarios titulares, a contrata, y contratados a honorarios fueron capacitados en los alcances de la Ley 20.972 que \u201cPerfecciona asignaciones para los funcionarios del sector salud que indica y delega facultades para la&hellip;<\/p>\n","protected":false},"author":3,"featured_media":2413,"comment_status":"closed","ping_status":"closed","sticky":false,"template":"","format":"standard","meta":{"footnotes":""},"categories":[14,2,15],"tags":[],"class_list":["post-2412","post","type-post","status-publish","format-standard","has-post-thumbnail","hentry","category-newsletter","category-noticias","category-ultimos-cursos","category-14","category-2","category-15","description-off"],"_links":{"self":[{"href":"https:\/\/ena.cl\/index.php?rest_route=\/wp\/v2\/posts\/2412","targetHints":{"allow":["GET"]}}],"collection":[{"href":"https:\/\/ena.cl\/index.php?rest_route=\/wp\/v2\/posts"}],"about":[{"href":"https:\/\/ena.cl\/index.php?rest_route=\/wp\/v2\/types\/post"}],"author":[{"embeddable":true,"href":"https:\/\/ena.cl\/index.php?rest_route=\/wp\/v2\/users\/3"}],"replies":[{"embeddable":true,"href":"https:\/\/ena.cl\/index.php?rest_route=%2Fwp%2Fv2%2Fcomments&post=2412"}],"version-history":[{"count":1,"href":"https:\/\/ena.cl\/index.php?rest_route=\/wp\/v2\/posts\/2412\/revisions"}],"predecessor-version":[{"id":2414,"href":"https:\/\/ena.cl\/index.php?rest_route=\/wp\/v2\/posts\/2412\/revisions\/2414"}],"wp:featuredmedia":[{"embeddable":true,"href":"https:\/\/ena.cl\/index.php?rest_route=\/wp\/v2\/media\/2413"}],"wp:attachment":[{"href":"https:\/\/ena.cl\/index.php?rest_route=%2Fwp%2Fv2%2Fmedia&parent=2412"}],"wp:term":[{"taxonomy":"category","embeddable":true,"href":"https:\/\/ena.cl\/index.php?rest_route=%2Fwp%2Fv2%2Fcategories&post=2412"},{"taxonomy":"post_tag","embeddable":true,"href":"https:\/\/ena.cl\/index.php?rest_route=%2Fwp%2Fv2%2Ftags&post=2412"}],"curies":[{"name":"wp","href":"https:\/\/api.w.org\/{rel}","templated":true}]}}