{"id":2388,"date":"2017-10-20T17:37:37","date_gmt":"2017-10-20T17:37:37","guid":{"rendered":"https:\/\/ena.cl\/?p=2388"},"modified":"2017-10-20T17:54:58","modified_gmt":"2017-10-20T17:54:58","slug":"funcionarios-del-hospital-arica-se-capacitan-tematicas-acoso-sexual-laboral","status":"publish","type":"post","link":"https:\/\/ena.cl\/?p=2388","title":{"rendered":"Funcionarios del Hospital de Arica se capacitan en tem\u00e1ticas de Acoso Sexual y Laboral"},"content":{"rendered":"<p><a href=\"https:\/\/ena.cl\/wp-content\/uploads\/2017\/10\/IMG-20170913-WA0001Arica-1.jpg\"><img loading=\"lazy\" decoding=\"async\" class=\"size-medium wp-image-2398 alignleft\" src=\"https:\/\/ena.cl\/wp-content\/uploads\/2017\/10\/IMG-20170913-WA0001Arica-1-300x282.jpg\" alt=\"\" width=\"300\" height=\"282\" srcset=\"https:\/\/ena.cl\/wp-content\/uploads\/2017\/10\/IMG-20170913-WA0001Arica-1-300x282.jpg 300w, https:\/\/ena.cl\/wp-content\/uploads\/2017\/10\/IMG-20170913-WA0001Arica-1-600x564.jpg 600w, https:\/\/ena.cl\/wp-content\/uploads\/2017\/10\/IMG-20170913-WA0001Arica-1-768x722.jpg 768w, https:\/\/ena.cl\/wp-content\/uploads\/2017\/10\/IMG-20170913-WA0001Arica-1.jpg 958w\" sizes=\"auto, (max-width: 300px) 100vw, 300px\" \/><\/a>En la ciudad de Arica, los d\u00edas 12 y 13 septiembre, 26 funcionarios del Hospital Regional de Arica Dr. Juan No\u00e9 Crevani participaron en una actividad de capacitaci\u00f3n que permiti\u00f3 instruirlos en materia de \u201cAcoso Laboral y Sexual\u201d.<\/p>\n<p>El curso que se llev\u00f3 a cabo en un total de 20 horas pedag\u00f3gicas, tuvo por objetivo que sus participantes fortalecieran sus competencias para reconocer, prevenir y sancionar conductas de acoso laboral, sexual y de discriminaci\u00f3n arbitraria, con el fin de mejorar las relaciones interpersonales, respetando la igualdad en el trato entre hombres y mujeres y la dignidad de las personas.<\/p>\n<p>Los contenidos del curso \u00a0se orientan a identificar el marco conceptual psicol\u00f3gico, legal, laboral y de jurisprudencia del acoso laboral y sexual aplicable en la Administraci\u00f3n P\u00fablica. As\u00ed mismo, adquirir las competencias para tipificar y prevenir el acoso laboral y sexual, procurando mantener ambientes de trabajo saludables.<\/p>\n<p>El curso se desarroll\u00f3 con una metodolog\u00eda presencial, integrando la teor\u00eda y la pr\u00e1ctica, con la presentaci\u00f3n de casos y actividades dise\u00f1adas para propiciar la participaci\u00f3n de los alumnos y la internalizaci\u00f3n de los contenidos del curso.<\/p>\n<p>&nbsp;<\/p>\n","protected":false},"excerpt":{"rendered":"<p>En la ciudad de Arica, los d\u00edas 12 y 13 septiembre, 26 funcionarios del Hospital Regional de Arica Dr. Juan No\u00e9 Crevani participaron en una actividad de capacitaci\u00f3n que permiti\u00f3 instruirlos en materia de \u201cAcoso Laboral y Sexual\u201d. El curso que se llev\u00f3 a cabo en un total de 20 horas pedag\u00f3gicas, tuvo por objetivo&hellip;<\/p>\n","protected":false},"author":5,"featured_media":2398,"comment_status":"closed","ping_status":"closed","sticky":false,"template":"","format":"standard","meta":{"footnotes":""},"categories":[2,15],"tags":[],"class_list":["post-2388","post","type-post","status-publish","format-standard","has-post-thumbnail","hentry","category-noticias","category-ultimos-cursos","category-2","category-15","description-off"],"_links":{"self":[{"href":"https:\/\/ena.cl\/index.php?rest_route=\/wp\/v2\/posts\/2388","targetHints":{"allow":["GET"]}}],"collection":[{"href":"https:\/\/ena.cl\/index.php?rest_route=\/wp\/v2\/posts"}],"about":[{"href":"https:\/\/ena.cl\/index.php?rest_route=\/wp\/v2\/types\/post"}],"author":[{"embeddable":true,"href":"https:\/\/ena.cl\/index.php?rest_route=\/wp\/v2\/users\/5"}],"replies":[{"embeddable":true,"href":"https:\/\/ena.cl\/index.php?rest_route=%2Fwp%2Fv2%2Fcomments&post=2388"}],"version-history":[{"count":3,"href":"https:\/\/ena.cl\/index.php?rest_route=\/wp\/v2\/posts\/2388\/revisions"}],"predecessor-version":[{"id":2400,"href":"https:\/\/ena.cl\/index.php?rest_route=\/wp\/v2\/posts\/2388\/revisions\/2400"}],"wp:featuredmedia":[{"embeddable":true,"href":"https:\/\/ena.cl\/index.php?rest_route=\/wp\/v2\/media\/2398"}],"wp:attachment":[{"href":"https:\/\/ena.cl\/index.php?rest_route=%2Fwp%2Fv2%2Fmedia&parent=2388"}],"wp:term":[{"taxonomy":"category","embeddable":true,"href":"https:\/\/ena.cl\/index.php?rest_route=%2Fwp%2Fv2%2Fcategories&post=2388"},{"taxonomy":"post_tag","embeddable":true,"href":"https:\/\/ena.cl\/index.php?rest_route=%2Fwp%2Fv2%2Ftags&post=2388"}],"curies":[{"name":"wp","href":"https:\/\/api.w.org\/{rel}","templated":true}]}}