{"id":2371,"date":"2017-09-30T00:00:31","date_gmt":"2017-09-30T00:00:31","guid":{"rendered":"https:\/\/ena.cl\/?p=2371"},"modified":"2022-05-01T03:20:53","modified_gmt":"2022-05-01T03:20:53","slug":"2371-2","status":"publish","type":"post","link":"https:\/\/ena.cl\/?p=2371","title":{"rendered":"Dirigentes de la FENATS estudian la Ley 20.972 y el proceso de fijaci\u00f3n y encasillamiento de su nueva planta del personal"},"content":{"rendered":"<p style=\"text-align: left;\"><img loading=\"lazy\" decoding=\"async\" class=\"alignleft size-medium wp-image-2372\" src=\"https:\/\/ena.cl\/wp-content\/uploads\/2017\/09\/Captura-de-pantalla-2017-09-30-a-las-18.09.04-300x212.png\" alt=\"\" width=\"300\" height=\"212\" srcset=\"https:\/\/ena.cl\/wp-content\/uploads\/2017\/09\/Captura-de-pantalla-2017-09-30-a-las-18.09.04-300x212.png 300w, https:\/\/ena.cl\/wp-content\/uploads\/2017\/09\/Captura-de-pantalla-2017-09-30-a-las-18.09.04-600x424.png 600w, https:\/\/ena.cl\/wp-content\/uploads\/2017\/09\/Captura-de-pantalla-2017-09-30-a-las-18.09.04-768x543.png 768w, https:\/\/ena.cl\/wp-content\/uploads\/2017\/09\/Captura-de-pantalla-2017-09-30-a-las-18.09.04-1024x724.png 1024w, https:\/\/ena.cl\/wp-content\/uploads\/2017\/09\/Captura-de-pantalla-2017-09-30-a-las-18.09.04.png 1062w\" sizes=\"auto, (max-width: 300px) 100vw, 300px\" \/>Dirigentes Regionales de la FENATS se capacitaron en la Ley 20.972 y el proceso de fijaci\u00f3n y encasillamiento de su nueva planta del personal<\/p>\n<p style=\"text-align: left;\">Nos enorgullece informar que en el marco de nuestro Programa de Extensi\u00f3n Acad\u00e9mica y Responsabilidad Social, el pasado mi\u00e9rcoles 27 de septiembre en dependencias del Hospital Juan No\u00e9 Crevani de la ciudad de Arica, 12 funcionarios, provenientes de la FENATS Regional de Arica y Parinacota y la mesa de normalizaci\u00f3n y encasillamiento de las plantas de t\u00e9cnicos, administrativos y auxiliares del Hospital Regional, fueron capacitados en los alcances de la Ley 20.972 que &#8220;Perfecciona asignaciones para los funcionarios del sector salud que indica y delega facultades para la fijaci\u00f3n de las plantas del personal de los Servicios de Salud y Fonasa&#8221; y el Decreto con Fuerza de Ley 2 de 24 de agosto de 2017, actualmente en tr\u00e1mite de toma de raz\u00f3n en la Contralor\u00eda General de la Rep\u00fablica, con motivo de la fijaci\u00f3n de la nueva Ley de Planta del Servicio de Salud Arica y su posterior encasillamiento.<\/p>\n<p style=\"text-align: left;\">En la actividad se explicaron las novedades en materia remuneratoria y las reglas del doble proceso de encasillamiento para el personal directivo, profesional, t\u00e9cnico, administrativo, y auxiliar, tanto para las modalidades de concurso interno, acreditaci\u00f3n de competencias, como de traspaso de la contrata a igual grado sin dejar de considerar la carrera funcionaria dispuesta en el Estatuto Administrativo, la Ley de Autoridad Sanitaria, y la principal jurisprudencia administrativa en la materia emanada de la Contralor\u00eda General de la Rep\u00fablica.<\/p>\n","protected":false},"excerpt":{"rendered":"<p>Dirigentes Regionales de la FENATS se capacitaron en la Ley 20.972 y el proceso de fijaci\u00f3n y encasillamiento de su nueva planta del personal<\/p>\n","protected":false},"author":3,"featured_media":2372,"comment_status":"closed","ping_status":"closed","sticky":false,"template":"","format":"standard","meta":{"footnotes":""},"categories":[11,14],"tags":[],"class_list":["post-2371","post","type-post","status-publish","format-standard","has-post-thumbnail","hentry","category-extension","category-newsletter","category-11","category-14","description-off"],"_links":{"self":[{"href":"https:\/\/ena.cl\/index.php?rest_route=\/wp\/v2\/posts\/2371","targetHints":{"allow":["GET"]}}],"collection":[{"href":"https:\/\/ena.cl\/index.php?rest_route=\/wp\/v2\/posts"}],"about":[{"href":"https:\/\/ena.cl\/index.php?rest_route=\/wp\/v2\/types\/post"}],"author":[{"embeddable":true,"href":"https:\/\/ena.cl\/index.php?rest_route=\/wp\/v2\/users\/3"}],"replies":[{"embeddable":true,"href":"https:\/\/ena.cl\/index.php?rest_route=%2Fwp%2Fv2%2Fcomments&post=2371"}],"version-history":[{"count":4,"href":"https:\/\/ena.cl\/index.php?rest_route=\/wp\/v2\/posts\/2371\/revisions"}],"predecessor-version":[{"id":3290,"href":"https:\/\/ena.cl\/index.php?rest_route=\/wp\/v2\/posts\/2371\/revisions\/3290"}],"wp:featuredmedia":[{"embeddable":true,"href":"https:\/\/ena.cl\/index.php?rest_route=\/wp\/v2\/media\/2372"}],"wp:attachment":[{"href":"https:\/\/ena.cl\/index.php?rest_route=%2Fwp%2Fv2%2Fmedia&parent=2371"}],"wp:term":[{"taxonomy":"category","embeddable":true,"href":"https:\/\/ena.cl\/index.php?rest_route=%2Fwp%2Fv2%2Fcategories&post=2371"},{"taxonomy":"post_tag","embeddable":true,"href":"https:\/\/ena.cl\/index.php?rest_route=%2Fwp%2Fv2%2Ftags&post=2371"}],"curies":[{"name":"wp","href":"https:\/\/api.w.org\/{rel}","templated":true}]}}