{"id":2365,"date":"2017-09-21T00:00:14","date_gmt":"2017-09-21T00:00:14","guid":{"rendered":"https:\/\/ena.cl\/?p=2365"},"modified":"2017-10-02T00:15:55","modified_gmt":"2017-10-02T00:15:55","slug":"gobierno-regional-tarapaca-estudia-las-bases-generales-la-administracion-del-estado","status":"publish","type":"post","link":"https:\/\/ena.cl\/?p=2365","title":{"rendered":"Gobierno Regional de Tarapac\u00e1 estudia las bases generales de la Administraci\u00f3n del Estado"},"content":{"rendered":"<p style=\"text-align: justify;\"><img loading=\"lazy\" decoding=\"async\" class=\"alignleft size-medium wp-image-2366\" src=\"https:\/\/ena.cl\/wp-content\/uploads\/2017\/09\/Gore-Tarapac\u00e1-300x225.jpg\" alt=\"gore-tarapaca\" width=\"300\" height=\"225\" srcset=\"https:\/\/ena.cl\/wp-content\/uploads\/2017\/09\/Gore-Tarapac\u00e1-300x225.jpg 300w, https:\/\/ena.cl\/wp-content\/uploads\/2017\/09\/Gore-Tarapac\u00e1-600x450.jpg 600w, https:\/\/ena.cl\/wp-content\/uploads\/2017\/09\/Gore-Tarapac\u00e1-768x576.jpg 768w, https:\/\/ena.cl\/wp-content\/uploads\/2017\/09\/Gore-Tarapac\u00e1-1024x768.jpg 1024w, https:\/\/ena.cl\/wp-content\/uploads\/2017\/09\/Gore-Tarapac\u00e1-1200x900.jpg 1200w, https:\/\/ena.cl\/wp-content\/uploads\/2017\/09\/Gore-Tarapac\u00e1-400x300.jpg 400w\" sizes=\"auto, (max-width: 300px) 100vw, 300px\" \/>En la ciudad de Iquique los d\u00edas 31 de agosto y 1 de septiembre de 2017 un total de 14 estudiantes del Gobierno Regional de Tarapac\u00e1 estudiaron la Ley Org\u00e1nica Constitucional sobre Bases Generales de la Administraci\u00f3n del Estado, su normativa relacionada, con especial atenci\u00f3n a la Ley 19.175 sobre Gobierno y Administraci\u00f3n Regional.<\/p>\n<p style=\"text-align: justify;\">El curso tuvo por objetivos principales que sus estudiantes conocieran los Principios rectores en los cuales se funda el car\u00e1cter profesional y t\u00e9cnico de la administraci\u00f3n p\u00fablica, las reglas b\u00e1sicas sobre organizaci\u00f3n y funcionamiento de Ministerios y Servicios P\u00fablicos, como el Gobierno Regional de Tarapac\u00e1, as\u00ed como las reglas de distribuci\u00f3n del poder aplicables a los Servicios y \u00d3rganos p\u00fablicos, la regulaci\u00f3n sobre probidad, transparencia y responsabilidad administrativa, y las reglas b\u00e1sicas en materia de participaci\u00f3n ciudadana.<\/p>\n<p style=\"text-align: justify;\">Finalmente debe destacarse, que todos y cada uno de los contenidos del curso, distribuido en dos d\u00edas de trabajo, fueron tratados con especial atenci\u00f3n a la principal jurisprudencia emanada tanto de la Contralor\u00eda General de la Rep\u00fablica, como de los Tribunales de Justicia, entre ellos la Corte Suprema de Justicia, y el Tribunal Constitucional.<\/p>\n","protected":false},"excerpt":{"rendered":"<p>En la ciudad de Iquique los d\u00edas 31 de agosto y 1 de septiembre de 2017 un total de 14 estudiantes del Gobierno Regional de Tarapac\u00e1 estudiaron la Ley Org\u00e1nica Constitucional sobre Bases Generales de la Administraci\u00f3n del Estado, su normativa relacionada, con especial atenci\u00f3n a la Ley 19.175 sobre Gobierno y Administraci\u00f3n Regional. El&hellip;<\/p>\n","protected":false},"author":3,"featured_media":2366,"comment_status":"closed","ping_status":"closed","sticky":false,"template":"","format":"standard","meta":{"footnotes":""},"categories":[14,2,15],"tags":[],"class_list":["post-2365","post","type-post","status-publish","format-standard","has-post-thumbnail","hentry","category-newsletter","category-noticias","category-ultimos-cursos","category-14","category-2","category-15","description-off"],"_links":{"self":[{"href":"https:\/\/ena.cl\/index.php?rest_route=\/wp\/v2\/posts\/2365","targetHints":{"allow":["GET"]}}],"collection":[{"href":"https:\/\/ena.cl\/index.php?rest_route=\/wp\/v2\/posts"}],"about":[{"href":"https:\/\/ena.cl\/index.php?rest_route=\/wp\/v2\/types\/post"}],"author":[{"embeddable":true,"href":"https:\/\/ena.cl\/index.php?rest_route=\/wp\/v2\/users\/3"}],"replies":[{"embeddable":true,"href":"https:\/\/ena.cl\/index.php?rest_route=%2Fwp%2Fv2%2Fcomments&post=2365"}],"version-history":[{"count":1,"href":"https:\/\/ena.cl\/index.php?rest_route=\/wp\/v2\/posts\/2365\/revisions"}],"predecessor-version":[{"id":2367,"href":"https:\/\/ena.cl\/index.php?rest_route=\/wp\/v2\/posts\/2365\/revisions\/2367"}],"wp:featuredmedia":[{"embeddable":true,"href":"https:\/\/ena.cl\/index.php?rest_route=\/wp\/v2\/media\/2366"}],"wp:attachment":[{"href":"https:\/\/ena.cl\/index.php?rest_route=%2Fwp%2Fv2%2Fmedia&parent=2365"}],"wp:term":[{"taxonomy":"category","embeddable":true,"href":"https:\/\/ena.cl\/index.php?rest_route=%2Fwp%2Fv2%2Fcategories&post=2365"},{"taxonomy":"post_tag","embeddable":true,"href":"https:\/\/ena.cl\/index.php?rest_route=%2Fwp%2Fv2%2Ftags&post=2365"}],"curies":[{"name":"wp","href":"https:\/\/api.w.org\/{rel}","templated":true}]}}