{"id":2359,"date":"2017-09-21T00:00:48","date_gmt":"2017-09-21T00:00:48","guid":{"rendered":"https:\/\/ena.cl\/?p=2359"},"modified":"2017-10-02T00:16:05","modified_gmt":"2017-10-02T00:16:05","slug":"ministerio-educacion-estudia-santiago-normativa-juridica-aplicable","status":"publish","type":"post","link":"https:\/\/ena.cl\/?p=2359","title":{"rendered":"Ministerio de Educaci\u00f3n estudia en Santiago su Normativa Jur\u00eddica aplicable"},"content":{"rendered":"<p style=\"text-align: justify;\"><img loading=\"lazy\" decoding=\"async\" class=\"alignleft size-medium wp-image-2360\" src=\"https:\/\/ena.cl\/wp-content\/uploads\/2017\/09\/Captura-de-pantalla-2017-09-30-a-las-01.04.09-300x254.png\" alt=\"captura-de-pantalla-2017-09-30-a-las-01-04-09\" width=\"300\" height=\"254\" srcset=\"https:\/\/ena.cl\/wp-content\/uploads\/2017\/09\/Captura-de-pantalla-2017-09-30-a-las-01.04.09-300x254.png 300w, https:\/\/ena.cl\/wp-content\/uploads\/2017\/09\/Captura-de-pantalla-2017-09-30-a-las-01.04.09-600x509.png 600w, https:\/\/ena.cl\/wp-content\/uploads\/2017\/09\/Captura-de-pantalla-2017-09-30-a-las-01.04.09-768x651.png 768w, https:\/\/ena.cl\/wp-content\/uploads\/2017\/09\/Captura-de-pantalla-2017-09-30-a-las-01.04.09.png 776w\" sizes=\"auto, (max-width: 300px) 100vw, 300px\" \/>Entre el martes 22 de agosto al jueves 14 de septiembre, en la ciudad de Santiago, 15 estudiantes provenientes de la Secretar\u00eda Regional Ministerial de Educaci\u00f3n de la Regi\u00f3n Metropolitana, estudiaron tanto sus derechos y deberes contenidos en el Estatuto Administrativo, sus reglamentos, y sus normas complementarias, adem\u00e1s de sus \u00faltimas modificaciones: entre estas las nuevas disposiciones incorporadas por la Ley sobre Acuerdo de Vida en Pareja y el nuevo permiso para quienes se desempe\u00f1an como voluntarios de los diferentes cuerpos de bomberos contemplado en el C\u00f3digo del Trabajo por efectos de la Ley N\u00ba20.907, como el Principio de la Probidad y la Transparencia Administrativa.<\/p>\n<p style=\"text-align: justify;\">El curso fue la oportunidad para profundizar en los procedimientos aplicables al personal del Mineduc como su carrera funcionaria con especial atenci\u00f3n en su proceso de encasillamiento; calificaciones funcionarias; e investigaci\u00f3n sumaria y sumario administrativo en materia sancionatoria disciplinaria.<\/p>\n<p style=\"text-align: justify;\">Asimismo se abord\u00f3 la m\u00e1s reciente jurisprudencia en materia de la \u201cestabilidad en el empleo\u201d aplicable al personal a Contrata emanada tanto de la Contralor\u00eda General de la Rep\u00fablica, la Corte Suprema, y el Tribunal Constitucional. Finalmente debe destacarse, como se ha adelantado, que todos y cada uno de los contenidos del curso, distribuido en ocho sesiones de media jornada, fueron tratados con especial atenci\u00f3n a la principal jurisprudencia emanada tanto de la Contralor\u00eda General de la Rep\u00fablica, como de los Tribunales de Justicia, entre ellos la Corte Suprema de Justicia, y el Tribunal Constitucional.<\/p>\n","protected":false},"excerpt":{"rendered":"<p>Entre el martes 22 de agosto al jueves 14 de septiembre, en la ciudad de Santiago, 15 estudiantes provenientes de la Secretar\u00eda Regional Ministerial de Educaci\u00f3n de la Regi\u00f3n Metropolitana, estudiaron tanto sus derechos y deberes contenidos en el Estatuto Administrativo, sus reglamentos, y sus normas complementarias, adem\u00e1s de sus \u00faltimas modificaciones: entre estas las&hellip;<\/p>\n","protected":false},"author":3,"featured_media":2360,"comment_status":"closed","ping_status":"closed","sticky":false,"template":"","format":"standard","meta":{"footnotes":""},"categories":[14,2,15],"tags":[],"class_list":["post-2359","post","type-post","status-publish","format-standard","has-post-thumbnail","hentry","category-newsletter","category-noticias","category-ultimos-cursos","category-14","category-2","category-15","description-off"],"_links":{"self":[{"href":"https:\/\/ena.cl\/index.php?rest_route=\/wp\/v2\/posts\/2359","targetHints":{"allow":["GET"]}}],"collection":[{"href":"https:\/\/ena.cl\/index.php?rest_route=\/wp\/v2\/posts"}],"about":[{"href":"https:\/\/ena.cl\/index.php?rest_route=\/wp\/v2\/types\/post"}],"author":[{"embeddable":true,"href":"https:\/\/ena.cl\/index.php?rest_route=\/wp\/v2\/users\/3"}],"replies":[{"embeddable":true,"href":"https:\/\/ena.cl\/index.php?rest_route=%2Fwp%2Fv2%2Fcomments&post=2359"}],"version-history":[{"count":1,"href":"https:\/\/ena.cl\/index.php?rest_route=\/wp\/v2\/posts\/2359\/revisions"}],"predecessor-version":[{"id":2361,"href":"https:\/\/ena.cl\/index.php?rest_route=\/wp\/v2\/posts\/2359\/revisions\/2361"}],"wp:featuredmedia":[{"embeddable":true,"href":"https:\/\/ena.cl\/index.php?rest_route=\/wp\/v2\/media\/2360"}],"wp:attachment":[{"href":"https:\/\/ena.cl\/index.php?rest_route=%2Fwp%2Fv2%2Fmedia&parent=2359"}],"wp:term":[{"taxonomy":"category","embeddable":true,"href":"https:\/\/ena.cl\/index.php?rest_route=%2Fwp%2Fv2%2Fcategories&post=2359"},{"taxonomy":"post_tag","embeddable":true,"href":"https:\/\/ena.cl\/index.php?rest_route=%2Fwp%2Fv2%2Ftags&post=2359"}],"curies":[{"name":"wp","href":"https:\/\/api.w.org\/{rel}","templated":true}]}}