{"id":2348,"date":"2017-09-21T18:13:40","date_gmt":"2017-09-21T18:13:40","guid":{"rendered":"https:\/\/ena.cl\/?p=2348"},"modified":"2017-10-02T00:15:19","modified_gmt":"2017-10-02T00:15:19","slug":"enfoque-genero-politicas-publicas-jornada-funcionarios-la-subsecretaria-prevencion-del-delito","status":"publish","type":"post","link":"https:\/\/ena.cl\/?p=2348","title":{"rendered":"Enfoque de G\u00e9nero y Pol\u00edticas Publicas en jornada  para funcionarios de la Subsecretar\u00eda de Prevenci\u00f3n del Delito"},"content":{"rendered":"<p><a href=\"https:\/\/ena.cl\/wp-content\/uploads\/2017\/09\/IMG-01-sept-Enfoque-de-G\u00e9nero.jpg\"><img loading=\"lazy\" decoding=\"async\" class=\"size-medium wp-image-2349 alignleft\" src=\"https:\/\/ena.cl\/wp-content\/uploads\/2017\/09\/IMG-01-sept-Enfoque-de-G\u00e9nero-300x225.jpg\" alt=\"img-01-sept-enfoque-de-genero\" width=\"300\" height=\"225\" srcset=\"https:\/\/ena.cl\/wp-content\/uploads\/2017\/09\/IMG-01-sept-Enfoque-de-G\u00e9nero-300x225.jpg 300w, https:\/\/ena.cl\/wp-content\/uploads\/2017\/09\/IMG-01-sept-Enfoque-de-G\u00e9nero-600x450.jpg 600w, https:\/\/ena.cl\/wp-content\/uploads\/2017\/09\/IMG-01-sept-Enfoque-de-G\u00e9nero-768x576.jpg 768w, https:\/\/ena.cl\/wp-content\/uploads\/2017\/09\/IMG-01-sept-Enfoque-de-G\u00e9nero-1024x768.jpg 1024w, https:\/\/ena.cl\/wp-content\/uploads\/2017\/09\/IMG-01-sept-Enfoque-de-G\u00e9nero-1200x900.jpg 1200w, https:\/\/ena.cl\/wp-content\/uploads\/2017\/09\/IMG-01-sept-Enfoque-de-G\u00e9nero-400x300.jpg 400w, https:\/\/ena.cl\/wp-content\/uploads\/2017\/09\/IMG-01-sept-Enfoque-de-G\u00e9nero.jpg 1280w\" sizes=\"auto, (max-width: 300px) 100vw, 300px\" \/><\/a>En Santiago, el d\u00eda 01 de Septiembre 2017, se llev\u00f3 a cabo una jornada de capacitaci\u00f3n para un total de 45 funcionarios de la Subsecretaria de Prevenci\u00f3n del Delito en materia de \u201cEnfoque de G\u00e9nero y Pol\u00edticas P\u00fablicas\u201d. Cabe destacar que los participantes asistentes al curso trabajan como Asesores y Coordinadores de Seguridad y desarrollan su trabajo en las Intendencias Regionales.<\/p>\n<p>El curso taller tuvo una duraci\u00f3n de 8 horas donde el objetivo central fue abordar los conceptos b\u00e1sicos sobre Enfoque de G\u00e9nero, considerando mitos y verdades en relaci\u00f3n a la identidad de g\u00e9nero. Igualmente, pretendi\u00f3 abordar la violencia hacia las mujeres desde la perspectiva de g\u00e9nero, pol\u00edticas de mujeres y pol\u00edticas de g\u00e9nero.<\/p>\n<p>Los m\u00f3dulos abordaron las siguientes tem\u00e1ticas: Concepto de G\u00e9nero, equidad e Igualdad de G\u00e9nero. Conceptos de Identidad, Roles de G\u00e9nero, Estereotipos de G\u00e9nero y Enfoque de Interseccionalidad y G\u00e9nero.<\/p>\n<p>La actividad contempl\u00f3 una metodolog\u00eda expositiva y participativa, donde fue esencial la experiencia de los participantes para el desarrollo de la actividad desde una mirada cr\u00edtica y constructiva de la tem\u00e1tica de Enfoque de G\u00e9nero en su actual desempe\u00f1o laboral.<\/p>\n","protected":false},"excerpt":{"rendered":"<p>En Santiago, el d\u00eda 01 de Septiembre 2017, se llev\u00f3 a cabo una jornada de capacitaci\u00f3n para un total de 45 funcionarios de la Subsecretaria de Prevenci\u00f3n del Delito en materia de \u201cEnfoque de G\u00e9nero y Pol\u00edticas P\u00fablicas\u201d. Cabe destacar que los participantes asistentes al curso trabajan como Asesores y Coordinadores de Seguridad y desarrollan&hellip;<\/p>\n","protected":false},"author":5,"featured_media":2349,"comment_status":"closed","ping_status":"closed","sticky":false,"template":"","format":"standard","meta":{"footnotes":""},"categories":[14,2,15],"tags":[],"class_list":["post-2348","post","type-post","status-publish","format-standard","has-post-thumbnail","hentry","category-newsletter","category-noticias","category-ultimos-cursos","category-14","category-2","category-15","description-off"],"_links":{"self":[{"href":"https:\/\/ena.cl\/index.php?rest_route=\/wp\/v2\/posts\/2348","targetHints":{"allow":["GET"]}}],"collection":[{"href":"https:\/\/ena.cl\/index.php?rest_route=\/wp\/v2\/posts"}],"about":[{"href":"https:\/\/ena.cl\/index.php?rest_route=\/wp\/v2\/types\/post"}],"author":[{"embeddable":true,"href":"https:\/\/ena.cl\/index.php?rest_route=\/wp\/v2\/users\/5"}],"replies":[{"embeddable":true,"href":"https:\/\/ena.cl\/index.php?rest_route=%2Fwp%2Fv2%2Fcomments&post=2348"}],"version-history":[{"count":1,"href":"https:\/\/ena.cl\/index.php?rest_route=\/wp\/v2\/posts\/2348\/revisions"}],"predecessor-version":[{"id":2350,"href":"https:\/\/ena.cl\/index.php?rest_route=\/wp\/v2\/posts\/2348\/revisions\/2350"}],"wp:featuredmedia":[{"embeddable":true,"href":"https:\/\/ena.cl\/index.php?rest_route=\/wp\/v2\/media\/2349"}],"wp:attachment":[{"href":"https:\/\/ena.cl\/index.php?rest_route=%2Fwp%2Fv2%2Fmedia&parent=2348"}],"wp:term":[{"taxonomy":"category","embeddable":true,"href":"https:\/\/ena.cl\/index.php?rest_route=%2Fwp%2Fv2%2Fcategories&post=2348"},{"taxonomy":"post_tag","embeddable":true,"href":"https:\/\/ena.cl\/index.php?rest_route=%2Fwp%2Fv2%2Ftags&post=2348"}],"curies":[{"name":"wp","href":"https:\/\/api.w.org\/{rel}","templated":true}]}}