{"id":2340,"date":"2017-09-21T18:00:30","date_gmt":"2017-09-21T18:00:30","guid":{"rendered":"https:\/\/ena.cl\/?p=2340"},"modified":"2017-10-02T00:16:44","modified_gmt":"2017-10-02T00:16:44","slug":"curso-sumario-administrativo-trabajadores-del-hospital-felix-bulnes","status":"publish","type":"post","link":"https:\/\/ena.cl\/?p=2340","title":{"rendered":"Curso de Sumario Administrativo para trabajadores del Hospital F\u00e9lix Bulnes"},"content":{"rendered":"<p><a href=\"https:\/\/ena.cl\/wp-content\/uploads\/2017\/09\/IMG-Felix-Bulnes.jpg\"><img loading=\"lazy\" decoding=\"async\" class=\"size-medium wp-image-2341 alignleft\" src=\"https:\/\/ena.cl\/wp-content\/uploads\/2017\/09\/IMG-Felix-Bulnes-300x225.jpg\" alt=\"img-felix-bulnes\" width=\"300\" height=\"225\" srcset=\"https:\/\/ena.cl\/wp-content\/uploads\/2017\/09\/IMG-Felix-Bulnes-300x225.jpg 300w, https:\/\/ena.cl\/wp-content\/uploads\/2017\/09\/IMG-Felix-Bulnes-600x450.jpg 600w, https:\/\/ena.cl\/wp-content\/uploads\/2017\/09\/IMG-Felix-Bulnes-768x576.jpg 768w, https:\/\/ena.cl\/wp-content\/uploads\/2017\/09\/IMG-Felix-Bulnes-1024x768.jpg 1024w, https:\/\/ena.cl\/wp-content\/uploads\/2017\/09\/IMG-Felix-Bulnes-1200x900.jpg 1200w, https:\/\/ena.cl\/wp-content\/uploads\/2017\/09\/IMG-Felix-Bulnes-400x300.jpg 400w, https:\/\/ena.cl\/wp-content\/uploads\/2017\/09\/IMG-Felix-Bulnes.jpg 1280w\" sizes=\"auto, (max-width: 300px) 100vw, 300px\" \/><\/a>En Santiago, los d\u00edas 22, 23, 24 y 25 de agosto 2017 se capacit\u00f3 a un total de 15 funcionarios del Hospital Felix Bulnes en un curso de \u201cSumario Administrativo\u201d.<\/p>\n<p>La actividad efectuada en las dependencias del recinto hospitalario, se llev\u00f3 a cabo en 4 medias jornadas en las cuales el foco estuvo orientado en que los participantes desarrollen y actualicen sus conocimientos y destrezas con el fin, por un lado, de instruir o simplemente ejercer su derecho a la defensa, de manera eficaz, ante una Anotaci\u00f3n de Dem\u00e9rito, una investigaci\u00f3n Sumaria o Sumario Administrativo, y por otra, ser parte en un Sumario Administrativo o Juicio de Cuentas instruido por la Contralor\u00eda General de la Rep\u00fablica.<\/p>\n<p>Entre las principales tem\u00e1ticas abordadas por el docente a cargo estuvo: La Responsabilidad Administrativa: Principios y Jurisprudencia Administrativa. El proceso administrativo en detalle: Investigaci\u00f3n Sumaria y Sumario Administrativo. Los Medios Probatorios y las Sanciones Administrativas. Finalmente se abord\u00f3 el Sumario Administrativo de la Contralor\u00eda General de la Rep\u00fablica y el Juicio de Cuentas ante la Contralor\u00eda General de la Rep\u00fablica.<\/p>\n<p>Cabe hacer menci\u00f3n que todos y cada uno de los contenidos del curso, fueron tratados con especial atenci\u00f3n a la principal jurisprudencia emanada tanto de la Contralor\u00eda General de la Rep\u00fablica, como de los Tribunales de Justicia, entre ellos la Corte Suprema de Justicia, y el Tribunal Constitucional.<\/p>\n","protected":false},"excerpt":{"rendered":"<p>En Santiago, los d\u00edas 22, 23, 24 y 25 de agosto 2017 se capacit\u00f3 a un total de 15 funcionarios del Hospital Felix Bulnes en un curso de \u201cSumario Administrativo\u201d. La actividad efectuada en las dependencias del recinto hospitalario, se llev\u00f3 a cabo en 4 medias jornadas en las cuales el foco estuvo orientado en&hellip;<\/p>\n","protected":false},"author":5,"featured_media":2341,"comment_status":"closed","ping_status":"closed","sticky":false,"template":"","format":"standard","meta":{"footnotes":""},"categories":[14,2,15],"tags":[],"class_list":["post-2340","post","type-post","status-publish","format-standard","has-post-thumbnail","hentry","category-newsletter","category-noticias","category-ultimos-cursos","category-14","category-2","category-15","description-off"],"_links":{"self":[{"href":"https:\/\/ena.cl\/index.php?rest_route=\/wp\/v2\/posts\/2340","targetHints":{"allow":["GET"]}}],"collection":[{"href":"https:\/\/ena.cl\/index.php?rest_route=\/wp\/v2\/posts"}],"about":[{"href":"https:\/\/ena.cl\/index.php?rest_route=\/wp\/v2\/types\/post"}],"author":[{"embeddable":true,"href":"https:\/\/ena.cl\/index.php?rest_route=\/wp\/v2\/users\/5"}],"replies":[{"embeddable":true,"href":"https:\/\/ena.cl\/index.php?rest_route=%2Fwp%2Fv2%2Fcomments&post=2340"}],"version-history":[{"count":2,"href":"https:\/\/ena.cl\/index.php?rest_route=\/wp\/v2\/posts\/2340\/revisions"}],"predecessor-version":[{"id":2343,"href":"https:\/\/ena.cl\/index.php?rest_route=\/wp\/v2\/posts\/2340\/revisions\/2343"}],"wp:featuredmedia":[{"embeddable":true,"href":"https:\/\/ena.cl\/index.php?rest_route=\/wp\/v2\/media\/2341"}],"wp:attachment":[{"href":"https:\/\/ena.cl\/index.php?rest_route=%2Fwp%2Fv2%2Fmedia&parent=2340"}],"wp:term":[{"taxonomy":"category","embeddable":true,"href":"https:\/\/ena.cl\/index.php?rest_route=%2Fwp%2Fv2%2Fcategories&post=2340"},{"taxonomy":"post_tag","embeddable":true,"href":"https:\/\/ena.cl\/index.php?rest_route=%2Fwp%2Fv2%2Ftags&post=2340"}],"curies":[{"name":"wp","href":"https:\/\/api.w.org\/{rel}","templated":true}]}}