{"id":2333,"date":"2017-09-21T17:52:39","date_gmt":"2017-09-21T17:52:39","guid":{"rendered":"https:\/\/ena.cl\/?p=2333"},"modified":"2017-10-02T00:16:34","modified_gmt":"2017-10-02T00:16:34","slug":"subsecretaria-prevencion-del-delito-se-instruye-planificacion-enfoque-genero","status":"publish","type":"post","link":"https:\/\/ena.cl\/?p=2333","title":{"rendered":"Subsecretar\u00eda de Prevenci\u00f3n del Delito se instruye en Planificaci\u00f3n con Enfoque de G\u00e9nero"},"content":{"rendered":"<p><a href=\"https:\/\/ena.cl\/wp-content\/uploads\/2017\/09\/IMG-20170825-WA0004.jpg\"><img loading=\"lazy\" decoding=\"async\" class=\"size-medium wp-image-2336 alignleft\" src=\"https:\/\/ena.cl\/wp-content\/uploads\/2017\/09\/IMG-20170825-WA0004-300x168.jpg\" alt=\"img-20170825-wa0004\" width=\"300\" height=\"168\" srcset=\"https:\/\/ena.cl\/wp-content\/uploads\/2017\/09\/IMG-20170825-WA0004-300x168.jpg 300w, https:\/\/ena.cl\/wp-content\/uploads\/2017\/09\/IMG-20170825-WA0004-600x337.jpg 600w, https:\/\/ena.cl\/wp-content\/uploads\/2017\/09\/IMG-20170825-WA0004-768x431.jpg 768w, https:\/\/ena.cl\/wp-content\/uploads\/2017\/09\/IMG-20170825-WA0004-1024x575.jpg 1024w, https:\/\/ena.cl\/wp-content\/uploads\/2017\/09\/IMG-20170825-WA0004.jpg 1040w\" sizes=\"auto, (max-width: 300px) 100vw, 300px\" \/><\/a>En Santiago, los d\u00edas 08, 10, 16 y 21 de agosto 2017, se llev\u00f3 a cabo una actividad de capacitaci\u00f3n que tuvo por finalidad instruir a 17 funcionarios de la Subsecretar\u00eda de Prevenci\u00f3n del Delito, en tem\u00e1ticas de \u201cPlanificaci\u00f3n con Enfoque de G\u00e9nero\u201d.<\/p>\n<p>El curso se efectu\u00f3 en las dependencias de la instituci\u00f3n y tuvo como objetivo central entregar conocimientos a los Funcionarios de la Subsecretrar\u00eda de Prevenci\u00f3n del Delito sobre Planificaci\u00f3n con Enfoque de G\u00e9nero, con el fin de dise\u00f1ar programas institucionales orientados hacia la igualdad y equidad de g\u00e9nero.<\/p>\n<p>La actividad se desarrollo en un total de 4 m\u00f3dulos en donde se abordaron, entre otros, los siguientes contenidos: Enfoque de G\u00e9nero en la intervenci\u00f3n social. Diferencias entre g\u00e9nero y sexo. Importancia de la Interseccionalidad. Necesidades pr\u00e1ctica y estrat\u00e9gicas de la planificaci\u00f3n con Enfoque de G\u00e9nero. Definici\u00f3n de estereotipos de g\u00e9nero. Brechas,\u00a0 barreras e inequidades de g\u00e9nero (BBI).<\/p>\n<p>Por otro lado, el curso se se enfoc\u00f3 en la Institucionalidad de g\u00e9nero en el estado chileno. La articulaci\u00f3n de pol\u00edticas p\u00fablicas en materia de g\u00e9nero para reducir las BBI. Se revisaron los beneficios end\u00f3genos y ex\u00f3genos de incorporar el enfoque de g\u00e9nero en planes de seguridad p\u00fablica a largo plazo, as\u00ed como en programas y proyectos para el beneficio a corto y mediano plazo.<\/p>\n<p>De igual forma, se abordaron contenidos para conocer los instrumentos p\u00fablicos de gesti\u00f3n: la transversalizaci\u00f3n del enfoque de g\u00e9nero en la gesti\u00f3n p\u00fablica. Finalmente, se orient\u00f3 a los participantes en la construcci\u00f3n de indicadores de desempe\u00f1o con enfoque de g\u00e9nero. Se revisaron ejemplos de indicadores de eficiencia, eficacia y efectividad de g\u00e9nero.<\/p>\n<p>Cada una de las jornadas estuvo marcada por el uso de una metodolog\u00eda expositivo-participativa, con din\u00e1micas grupales de debate, talleres reflexivos y actividades \u00a0orientadas a la aplicaci\u00f3n pr\u00e1ctica de los contenidos abordados en el curso.<\/p>\n","protected":false},"excerpt":{"rendered":"<p>En Santiago, los d\u00edas 08, 10, 16 y 21 de agosto 2017, se llev\u00f3 a cabo una actividad de capacitaci\u00f3n que tuvo por finalidad instruir a 17 funcionarios de la Subsecretar\u00eda de Prevenci\u00f3n del Delito, en tem\u00e1ticas de \u201cPlanificaci\u00f3n con Enfoque de G\u00e9nero\u201d. El curso se efectu\u00f3 en las dependencias de la instituci\u00f3n y tuvo&hellip;<\/p>\n","protected":false},"author":5,"featured_media":2336,"comment_status":"closed","ping_status":"closed","sticky":false,"template":"","format":"standard","meta":{"footnotes":""},"categories":[14,2,15],"tags":[],"class_list":["post-2333","post","type-post","status-publish","format-standard","has-post-thumbnail","hentry","category-newsletter","category-noticias","category-ultimos-cursos","category-14","category-2","category-15","description-off"],"_links":{"self":[{"href":"https:\/\/ena.cl\/index.php?rest_route=\/wp\/v2\/posts\/2333","targetHints":{"allow":["GET"]}}],"collection":[{"href":"https:\/\/ena.cl\/index.php?rest_route=\/wp\/v2\/posts"}],"about":[{"href":"https:\/\/ena.cl\/index.php?rest_route=\/wp\/v2\/types\/post"}],"author":[{"embeddable":true,"href":"https:\/\/ena.cl\/index.php?rest_route=\/wp\/v2\/users\/5"}],"replies":[{"embeddable":true,"href":"https:\/\/ena.cl\/index.php?rest_route=%2Fwp%2Fv2%2Fcomments&post=2333"}],"version-history":[{"count":4,"href":"https:\/\/ena.cl\/index.php?rest_route=\/wp\/v2\/posts\/2333\/revisions"}],"predecessor-version":[{"id":2339,"href":"https:\/\/ena.cl\/index.php?rest_route=\/wp\/v2\/posts\/2333\/revisions\/2339"}],"wp:featuredmedia":[{"embeddable":true,"href":"https:\/\/ena.cl\/index.php?rest_route=\/wp\/v2\/media\/2336"}],"wp:attachment":[{"href":"https:\/\/ena.cl\/index.php?rest_route=%2Fwp%2Fv2%2Fmedia&parent=2333"}],"wp:term":[{"taxonomy":"category","embeddable":true,"href":"https:\/\/ena.cl\/index.php?rest_route=%2Fwp%2Fv2%2Fcategories&post=2333"},{"taxonomy":"post_tag","embeddable":true,"href":"https:\/\/ena.cl\/index.php?rest_route=%2Fwp%2Fv2%2Ftags&post=2333"}],"curies":[{"name":"wp","href":"https:\/\/api.w.org\/{rel}","templated":true}]}}